{"id":25141,"date":"2023-08-11T09:29:31","date_gmt":"2023-08-11T12:29:31","guid":{"rendered":"https:\/\/chacosintesis.com.ar\/?p=25141"},"modified":"2023-08-11T09:36:41","modified_gmt":"2023-08-11T12:36:41","slug":"trabajo-incansable-de-bomberos-para-controlar-incendios-forestales","status":"publish","type":"post","link":"https:\/\/chacosintesis.com.ar\/index.php\/trabajo-incansable-de-bomberos-para-controlar-incendios-forestales\/","title":{"rendered":"Trabajo incansable de bomberos para controlar incendios forestales"},"content":{"rendered":"<div class=\"postie-post\">Altas temperaturas y r\u00e1fagas de viento norte, el combo perfecto para la propagaci\u00f3n del fuego en distintas zonas de la provincia.<\/p>\n<p>Alarmantes cifras de siniestros de incendios por quemas de pastizales se dieron hace una semana con las jornadas de elevadas temperaturas y r\u00e1fagas de viento norte que superaron los 65 kil\u00f3metros por hora. Bomberos Voluntarios, de la agrupaci\u00f3n &#8220;Pedro Jim\u00e9nez&#8221;, debieron incursionar hasta en ocho siniestros diarios, trabajando de manera conjunta con la Divisi\u00f3n de Bomberos de la Polic\u00eda del Chaco.<\/p>\n<p>Desde la agrupaci\u00f3n, una de las responsables de bomberos Voluntarios, Selene G\u00f3mez, confirm\u00f3 ante la consulta de NORTE que &#8220;de no tomar conciencia la poblaci\u00f3n sobre el peligro que acarrea la quema de pastos u otros residuos, puede desencadenar incendios de envergadura que podr\u00edan llegar a poner en peligro vida de personas, como ya ocurrieron en varias oportunidades en los \u00faltimos que se dieron&#8221;.<br \/>\nDijo que &#8220;por el cambio del clima de estos d\u00edas, con las bajas temperaturas, y la ausencia de viento norte como los otros d\u00edas, la situaci\u00f3n est\u00e1 m\u00e1s tranquila, pero solicitaron responsabilidad a la poblaci\u00f3n&#8221;.<br \/>\nSuperan la capacidad<br \/>\nRespecto a la cantidad de incendios que se producen a diario, en un promedio de hasta ocho por d\u00eda, tal lo que sucedi\u00f3 entre fines de julio y la primera semana de este mes, desde la agrupaci\u00f3n bomberil, sostuvieron que &#8220;en algunas oportunidades se vieron superados, por cuestiones de recursos materiales, sobre todo en la falta de combustibles y la cantidad de m\u00f3viles&#8221;.<br \/>\nEn tanto, &#8220;los d\u00edas m\u00e1s dif\u00edciles se dieron cuando se superpusieron algunos siniestros, donde se ten\u00eda que optar donde acudir primeros, y se evaluaba inmediatamente si en los siniestros no hab\u00eda peligro para las personas (vecinos), que podr\u00edan llegar a ocasionar el avance de las llamas, y de esa manera se deb\u00eda decidir inmediatamente&#8221; se refirieron.<br \/>\nAdem\u00e1s, &#8220;se trabaja conjuntamente con los bomberos de la Polic\u00eda del Chaco, que a la par se deben realizar tareas para contener la llamas que muchas veces son muy peligrosas por la acci\u00f3n del viento, y avanzan r\u00e1pidamente&#8221;, manifest\u00f3.<br \/>\nCausas evitables<br \/>\nSobre el inicio en la mayor\u00eda de los incendios, Selene G\u00f3mez dijo: &#8220;Son provocados por personas, que, en su momento por quemar unos pastos, las llamas cobran vigor y la acci\u00f3n del viento, como que tuvimos hace una semana, r\u00e1pidamente se propagan y se vuelven incontrolables&#8221;.<br \/>\nAsimismo, sostuvo que &#8220;son muchos los casos de incendios provocados, en esta \u00faltima semana en un predio del barrio Reserva Este, en ese mismo lugar se acudi\u00f3 varias veces al llamado de los vecinos. En una oportunidad las llamas avanzaron hacia unas viviendas, que estuvieron a punto de incendiarse, y los propietarios no quer\u00edan salir y trataban de contener las llamas hasta que acudimos al lugar y se pudo sofocar el fuego sin que haya personas lesionadas&#8221;.<br \/>\nEl cambio clim\u00e1tico<br \/>\n&#8220;Es un invierno at\u00edpico, d\u00f3nde tuvimos d\u00edas de intenso calor y fuertes vientos del sector norte, est\u00e1s condiciones clim\u00e1ticas favorecen a qu\u00e9 los incendios se propaguen y magnifique muy r\u00e1pidamente, lo que nos obliga a trabajar much\u00edsimo m\u00e1s, con pocas horas de descanso, ya que la mayor\u00eda del personal adem\u00e1s de ser Bombero Voluntario tiene su trabajo particular para poder vivir&#8221;, aclar\u00f3 Selene G\u00f3mez.<br \/>\nAl hace un llamado de atenci\u00f3n, dijo que &#8220;es por ello que siempre apelamos a la conciencia de la gente, pidi\u00e9ndoles que sean cuidadosos y no tiren en sitios descampados o en banquinas; aerosoles vac\u00edos, botellas de vidrio, colillas de cigarros encendidas, dado que la exposici\u00f3n constante al sol de estos materiales puede ocasionar incendios.<br \/>\nAdem\u00e1s, &#8220;sugerimos evitar limpiar terrenos por medio del uso de fuego, evitar tambi\u00e9n la quema de basura o residuos de poda o cosecha&#8221;. &#8220;Es importante ser conscientes de la peligrosidad de hacer estas cosas y todo lo que ello podr\u00eda traer acarreado&#8221;, manifest\u00f3 a modo de sugerencia.<\/p>\n<p>DIARIO NORTE.-<\/p>\n<\/div>\n","protected":false},"excerpt":{"rendered":"<p>Altas temperaturas y r\u00e1fagas de viento norte, el combo perfecto para la propagaci\u00f3n del fuego en distintas zonas de la provincia. Alarmantes cifras de siniestros de incendios por quemas de pastizales se dieron hace una semana con las jornadas de elevadas temperaturas y r\u00e1fagas de viento norte que superaron los 65 kil\u00f3metros por hora. Bomberos [&hellip;]<\/p>\n","protected":false},"author":1,"featured_media":25142,"comment_status":"closed","ping_status":"closed","sticky":false,"template":"","format":"standard","meta":{"footnotes":""},"categories":[6],"tags":[197],"class_list":{"0":"post-25141","1":"post","2":"type-post","3":"status-publish","4":"format-standard","5":"has-post-thumbnail","7":"category-chaco","8":"tag-destacada"},"_links":{"self":[{"href":"https:\/\/chacosintesis.com.ar\/index.php\/wp-json\/wp\/v2\/posts\/25141","targetHints":{"allow":["GET"]}}],"collection":[{"href":"https:\/\/chacosintesis.com.ar\/index.php\/wp-json\/wp\/v2\/posts"}],"about":[{"href":"https:\/\/chacosintesis.com.ar\/index.php\/wp-json\/wp\/v2\/types\/post"}],"author":[{"embeddable":true,"href":"https:\/\/chacosintesis.com.ar\/index.php\/wp-json\/wp\/v2\/users\/1"}],"replies":[{"embeddable":true,"href":"https:\/\/chacosintesis.com.ar\/index.php\/wp-json\/wp\/v2\/comments?post=25141"}],"version-history":[{"count":0,"href":"https:\/\/chacosintesis.com.ar\/index.php\/wp-json\/wp\/v2\/posts\/25141\/revisions"}],"wp:featuredmedia":[{"embeddable":true,"href":"https:\/\/chacosintesis.com.ar\/index.php\/wp-json\/wp\/v2\/media\/25142"}],"wp:attachment":[{"href":"https:\/\/chacosintesis.com.ar\/index.php\/wp-json\/wp\/v2\/media?parent=25141"}],"wp:term":[{"taxonomy":"category","embeddable":true,"href":"https:\/\/chacosintesis.com.ar\/index.php\/wp-json\/wp\/v2\/categories?post=25141"},{"taxonomy":"post_tag","embeddable":true,"href":"https:\/\/chacosintesis.com.ar\/index.php\/wp-json\/wp\/v2\/tags?post=25141"}],"curies":[{"name":"wp","href":"https:\/\/api.w.org\/{rel}","templated":true}]}}