{"id":25131,"date":"2023-08-10T22:23:33","date_gmt":"2023-08-11T01:23:33","guid":{"rendered":"https:\/\/chacosintesis.com.ar\/?p=25131"},"modified":"2023-08-10T22:37:54","modified_gmt":"2023-08-11T01:37:54","slug":"testeos-rapidos-de-hepatitis-c-y-vacunacion-en-saenz-pena","status":"publish","type":"post","link":"https:\/\/chacosintesis.com.ar\/index.php\/testeos-rapidos-de-hepatitis-c-y-vacunacion-en-saenz-pena\/","title":{"rendered":"Testeos r\u00e1pidos de Hepatitis C y vacunaci\u00f3n en S\u00e1enz Pe\u00f1a"},"content":{"rendered":"<div class=\"postie-post\">Estudiantes de medicina y docentes de la UNCAUS, junto a profesionales de la salud realizar\u00e1n un operativo por el D\u00eda Mundial contra la Hepatitis. Ser\u00e1 en la plaza San Mart\u00edn, desde las 17.30.<br \/>\nDesde la Universidad Nacional del Chaco Austral invitan a la comunidad a acercarse a partir de las 17.30 a la plaza San Mart\u00edn de S\u00e1enz Pe\u00f1a, para testeos r\u00e1pidos de hepatitis C y vacunaci\u00f3n seg\u00fan el calendario.<br \/>\nEn el marco del Programa UNCAUS Saludable, estudiantes de la carrera de Medicina de la Universidad, junto a docentes y profesionales, realizar\u00e1n una Jornada por el D\u00eda Mundial de la Hepatitis.<br \/>\nEl D\u00eda Mundial de la Lucha contra la Hepatitis se celebra todos los 28 de julio y busca hacer un llamado internacional para una respuesta integral en la lucha contra la hepatitis.<\/div>\n","protected":false},"excerpt":{"rendered":"<p>Estudiantes de medicina y docentes de la UNCAUS, junto a profesionales de la salud realizar\u00e1n un operativo por el D\u00eda Mundial contra la Hepatitis. Ser\u00e1 en la plaza San Mart\u00edn, desde las 17.30. Desde la Universidad Nacional del Chaco Austral invitan a la comunidad a acercarse a partir de las 17.30 a la plaza San [&hellip;]<\/p>\n","protected":false},"author":1,"featured_media":25132,"comment_status":"closed","ping_status":"closed","sticky":false,"template":"","format":"standard","meta":{"footnotes":""},"categories":[6],"tags":[],"class_list":{"0":"post-25131","1":"post","2":"type-post","3":"status-publish","4":"format-standard","5":"has-post-thumbnail","7":"category-chaco"},"_links":{"self":[{"href":"https:\/\/chacosintesis.com.ar\/index.php\/wp-json\/wp\/v2\/posts\/25131","targetHints":{"allow":["GET"]}}],"collection":[{"href":"https:\/\/chacosintesis.com.ar\/index.php\/wp-json\/wp\/v2\/posts"}],"about":[{"href":"https:\/\/chacosintesis.com.ar\/index.php\/wp-json\/wp\/v2\/types\/post"}],"author":[{"embeddable":true,"href":"https:\/\/chacosintesis.com.ar\/index.php\/wp-json\/wp\/v2\/users\/1"}],"replies":[{"embeddable":true,"href":"https:\/\/chacosintesis.com.ar\/index.php\/wp-json\/wp\/v2\/comments?post=25131"}],"version-history":[{"count":0,"href":"https:\/\/chacosintesis.com.ar\/index.php\/wp-json\/wp\/v2\/posts\/25131\/revisions"}],"wp:featuredmedia":[{"embeddable":true,"href":"https:\/\/chacosintesis.com.ar\/index.php\/wp-json\/wp\/v2\/media\/25132"}],"wp:attachment":[{"href":"https:\/\/chacosintesis.com.ar\/index.php\/wp-json\/wp\/v2\/media?parent=25131"}],"wp:term":[{"taxonomy":"category","embeddable":true,"href":"https:\/\/chacosintesis.com.ar\/index.php\/wp-json\/wp\/v2\/categories?post=25131"},{"taxonomy":"post_tag","embeddable":true,"href":"https:\/\/chacosintesis.com.ar\/index.php\/wp-json\/wp\/v2\/tags?post=25131"}],"curies":[{"name":"wp","href":"https:\/\/api.w.org\/{rel}","templated":true}]}}