{"id":25129,"date":"2023-08-10T22:22:45","date_gmt":"2023-08-11T01:22:45","guid":{"rendered":"https:\/\/chacosintesis.com.ar\/?p=25129"},"modified":"2023-08-10T22:37:48","modified_gmt":"2023-08-11T01:37:48","slug":"con-400-asistentes-iniciaron-jornadas-destinadas-a-actualizar-los-roles-de-bibliotecarios-y-bibliotecarias","status":"publish","type":"post","link":"https:\/\/chacosintesis.com.ar\/index.php\/con-400-asistentes-iniciaron-jornadas-destinadas-a-actualizar-los-roles-de-bibliotecarios-y-bibliotecarias\/","title":{"rendered":"Con 400 asistentes, iniciaron jornadas destinadas a actualizar los roles de bibliotecarios y bibliotecarias"},"content":{"rendered":"<div class=\"postie-post\">\u201cTienen el fin de debatir la actualizaci\u00f3n y el perfeccionamiento de la profesi\u00f3n como actores responsables de la pol\u00edtica educativa de promoci\u00f3n de la lectura y de la cultura\u201d, se\u00f1alaron desde el Ministerio de Educaci\u00f3n del Chaco.<br \/>\nEl Ministerio de Educaci\u00f3n del Chaco dio inicio a \u201cEl Bibliotecario\u201d, una serie de actividades nacionales y regionales destinadas a bibliotecarios de toda la provincia y la actualizaci\u00f3n de sus actividades. Re\u00fane al menos a 400 trabajadores.<br \/>\nDenominada \u201cEl Bibliotecario: Protagonista en la Innovaci\u00f3n y Calidad Educativa\u201d se realizan este jueves y viernes y suman alrededor de 400 asistentes en el Aula Magna de la UNNE, en Resistencia.<br \/>\nSe trata de jornadas de Actualizaci\u00f3n y Perfeccionamiento denominada VI Jornada Nacional para Bibliotecarios, VII Jornadas Regionales del NEA para Bibliotecarios y X Encuentro Provincial de Bibliotecas Populares del Chaco.<br \/>\n\u201cTienen el fin de debatir la actualizaci\u00f3n y el perfeccionamiento de la profesi\u00f3n como actores responsables de la pol\u00edtica educativa de promoci\u00f3n de la lectura y de la cultura\u201d, se\u00f1alaron desde la cartera provincia.<br \/>\nLa propuesta que los organizadores denominan \u201cBibliotecas Inclusivas: un desaf\u00edo para la mejora de los servicios bibliotecarios\u201d, est\u00e1n centradas en cinco ejes: redes sociales, las nuevas aliadas y el gran desaf\u00edo de las bibliotecas; El bibliotecario: formaci\u00f3n y actualizaci\u00f3n permanente; Gesti\u00f3n de calidad: espacios y servicios; Pedagog\u00eda de la Lectura: la funci\u00f3n del bibliotecario como mediador de lectura; La biblioteca: funci\u00f3n social. Adem\u00e1s, se podr\u00e1n seguir los encuentros a trav\u00e9s del canal de Youtube de \u201cELE\u201d. <a href=\"https:\/\/bit.ly\/YouTubeELE\">bit.ly\/YouTubeELE<\/a><\/div>\n","protected":false},"excerpt":{"rendered":"<p>\u201cTienen el fin de debatir la actualizaci\u00f3n y el perfeccionamiento de la profesi\u00f3n como actores responsables de la pol\u00edtica educativa de promoci\u00f3n de la lectura y de la cultura\u201d, se\u00f1alaron desde el Ministerio de Educaci\u00f3n del Chaco. El Ministerio de Educaci\u00f3n del Chaco dio inicio a \u201cEl Bibliotecario\u201d, una serie de actividades nacionales y regionales [&hellip;]<\/p>\n","protected":false},"author":1,"featured_media":25130,"comment_status":"closed","ping_status":"closed","sticky":false,"template":"","format":"standard","meta":{"footnotes":""},"categories":[6],"tags":[],"class_list":{"0":"post-25129","1":"post","2":"type-post","3":"status-publish","4":"format-standard","5":"has-post-thumbnail","7":"category-chaco"},"_links":{"self":[{"href":"https:\/\/chacosintesis.com.ar\/index.php\/wp-json\/wp\/v2\/posts\/25129","targetHints":{"allow":["GET"]}}],"collection":[{"href":"https:\/\/chacosintesis.com.ar\/index.php\/wp-json\/wp\/v2\/posts"}],"about":[{"href":"https:\/\/chacosintesis.com.ar\/index.php\/wp-json\/wp\/v2\/types\/post"}],"author":[{"embeddable":true,"href":"https:\/\/chacosintesis.com.ar\/index.php\/wp-json\/wp\/v2\/users\/1"}],"replies":[{"embeddable":true,"href":"https:\/\/chacosintesis.com.ar\/index.php\/wp-json\/wp\/v2\/comments?post=25129"}],"version-history":[{"count":0,"href":"https:\/\/chacosintesis.com.ar\/index.php\/wp-json\/wp\/v2\/posts\/25129\/revisions"}],"wp:featuredmedia":[{"embeddable":true,"href":"https:\/\/chacosintesis.com.ar\/index.php\/wp-json\/wp\/v2\/media\/25130"}],"wp:attachment":[{"href":"https:\/\/chacosintesis.com.ar\/index.php\/wp-json\/wp\/v2\/media?parent=25129"}],"wp:term":[{"taxonomy":"category","embeddable":true,"href":"https:\/\/chacosintesis.com.ar\/index.php\/wp-json\/wp\/v2\/categories?post=25129"},{"taxonomy":"post_tag","embeddable":true,"href":"https:\/\/chacosintesis.com.ar\/index.php\/wp-json\/wp\/v2\/tags?post=25129"}],"curies":[{"name":"wp","href":"https:\/\/api.w.org\/{rel}","templated":true}]}}