{"id":25119,"date":"2023-08-10T22:13:36","date_gmt":"2023-08-11T01:13:36","guid":{"rendered":"https:\/\/chacosintesis.com.ar\/?p=25119"},"modified":"2023-08-10T22:37:14","modified_gmt":"2023-08-11T01:37:14","slug":"trabajo-en-conjunto-con-el-cfi-para-fortalecer-el-corredor-bioceanico-norte","status":"publish","type":"post","link":"https:\/\/chacosintesis.com.ar\/index.php\/trabajo-en-conjunto-con-el-cfi-para-fortalecer-el-corredor-bioceanico-norte\/","title":{"rendered":"Trabajo en conjunto con el CFI para fortalecer el Corredor Bioce\u00e1nico Norte"},"content":{"rendered":"<div class=\"postie-post\">Las autoridades se reunieron para definir un plan de trabajo y continuar analizando proyectos estrat\u00e9gicos para potenciar la log\u00edstica de la regi\u00f3n.<br \/>\nAutoridades de la Subsecretar\u00eda de Transporte (Ministerio de Planificaci\u00f3n, Econom\u00eda e Infraestructura) y del Consejo Federal de Inversiones se reunieron, este mi\u00e9rcoles, para avanzar en gestiones conjuntas con el fin de fortalecer el desarrollo del Corredor Bioce\u00e1nico Norte. \u201cChaco tiene una ubicaci\u00f3n estrat\u00e9gica en un sistema amplio de comunicaci\u00f3n fluvial y por carretera para conectar puertos de los oc\u00e9anos Atl\u00e1ntico y Pacifico\u201d, se\u00f1al\u00f3 el subsecretario Tom\u00e1s Yazlle. Tambi\u00e9n estuvieron presentes funcionarios de la Direcci\u00f3n de Vialidad Provincial (DVP).<br \/>\nEl eje principal del encuentro fue el an\u00e1lisis de los proyectos estrat\u00e9gicos presentados en el marco del proyecto del Corredor Bioce\u00e1nico Norte, impulsado por el gobernador Jorge Capitanich hace dos a\u00f1os como presidente del Consejo del Norte Grande. Actualmente se analizan l\u00edneas de financiamiento para concretar las obras que prev\u00e9 la iniciativa con el fin de posicionar a la provincia como un centro log\u00edstico de transporte y comercio.<br \/>\n\u201cDiagramamos un plan de trabajo para fortalecer nuestras v\u00edas fluviales, viales y ferroviarias teniendo en cuenta la potencialidad de nuestra regi\u00f3n. Luego de a\u00f1os de postergaci\u00f3n, buscamos estar en agenda y poner prioridad al sector log\u00edstico y productivo del Chaco\u201d, detall\u00f3 Yazlle. En este sentido, detall\u00f3 que la Provincia cuenta hoy con un sistema multimodal de transporte de cargas integrado por el Puerto Barranqueras, el elevador de Granos de Barranqueras, el Puerto Las Palmas, puertos privados graneleros y de combustibles, el Ferrocarril Belgrano Cargas, las Rutas Nacionales 11 y 16, Rutas Provinciales y el Aeropuerto Internacional de Resistencia.<br \/>\n\u201cLa proximidad a los mercados de Brasil, Chile y Paraguay, su ubicaci\u00f3n estrat\u00e9gica en el centro de la conexi\u00f3n Atl\u00e1ntico \u2013 Pac\u00edfico y su posicionamiento sobre la Hidrov\u00eda Paran\u00e1-Paraguay, hacen de la provincia un puente log\u00edstico y de negocios ideal para las empresas globales que buscan acceder a la regi\u00f3n y un trampol\u00edn perfecto para las empresas con proyecci\u00f3n al mercado americano y asi\u00e1tico\u201d, explic\u00f3 el funcionario.<br \/>\nEn este marco, el Gobierno del Chaco busca multiplicar las inversiones en la Provincia y promover la generaci\u00f3n de valor agregado en origen, ofreciendo un R\u00e9gimen de Radicaci\u00f3n y Promoci\u00f3n Industrial y llevando adelante el plan de inversi\u00f3n en infraestructura m\u00e1s grande de la historia provincial.<\/div>\n","protected":false},"excerpt":{"rendered":"<p>Las autoridades se reunieron para definir un plan de trabajo y continuar analizando proyectos estrat\u00e9gicos para potenciar la log\u00edstica de la regi\u00f3n. Autoridades de la Subsecretar\u00eda de Transporte (Ministerio de Planificaci\u00f3n, Econom\u00eda e Infraestructura) y del Consejo Federal de Inversiones se reunieron, este mi\u00e9rcoles, para avanzar en gestiones conjuntas con el fin de fortalecer el [&hellip;]<\/p>\n","protected":false},"author":1,"featured_media":25120,"comment_status":"closed","ping_status":"closed","sticky":false,"template":"","format":"standard","meta":{"footnotes":""},"categories":[6],"tags":[],"class_list":{"0":"post-25119","1":"post","2":"type-post","3":"status-publish","4":"format-standard","5":"has-post-thumbnail","7":"category-chaco"},"_links":{"self":[{"href":"https:\/\/chacosintesis.com.ar\/index.php\/wp-json\/wp\/v2\/posts\/25119","targetHints":{"allow":["GET"]}}],"collection":[{"href":"https:\/\/chacosintesis.com.ar\/index.php\/wp-json\/wp\/v2\/posts"}],"about":[{"href":"https:\/\/chacosintesis.com.ar\/index.php\/wp-json\/wp\/v2\/types\/post"}],"author":[{"embeddable":true,"href":"https:\/\/chacosintesis.com.ar\/index.php\/wp-json\/wp\/v2\/users\/1"}],"replies":[{"embeddable":true,"href":"https:\/\/chacosintesis.com.ar\/index.php\/wp-json\/wp\/v2\/comments?post=25119"}],"version-history":[{"count":0,"href":"https:\/\/chacosintesis.com.ar\/index.php\/wp-json\/wp\/v2\/posts\/25119\/revisions"}],"wp:featuredmedia":[{"embeddable":true,"href":"https:\/\/chacosintesis.com.ar\/index.php\/wp-json\/wp\/v2\/media\/25120"}],"wp:attachment":[{"href":"https:\/\/chacosintesis.com.ar\/index.php\/wp-json\/wp\/v2\/media?parent=25119"}],"wp:term":[{"taxonomy":"category","embeddable":true,"href":"https:\/\/chacosintesis.com.ar\/index.php\/wp-json\/wp\/v2\/categories?post=25119"},{"taxonomy":"post_tag","embeddable":true,"href":"https:\/\/chacosintesis.com.ar\/index.php\/wp-json\/wp\/v2\/tags?post=25119"}],"curies":[{"name":"wp","href":"https:\/\/api.w.org\/{rel}","templated":true}]}}