{"id":25117,"date":"2023-08-10T22:12:03","date_gmt":"2023-08-11T01:12:03","guid":{"rendered":"https:\/\/chacosintesis.com.ar\/?p=25117"},"modified":"2023-08-10T22:37:08","modified_gmt":"2023-08-11T01:37:08","slug":"en-el-111-aniversario-de-la-fuerza-aerea-argentina-capitanich-destaco-el-plan-de-radarizacion","status":"publish","type":"post","link":"https:\/\/chacosintesis.com.ar\/index.php\/en-el-111-aniversario-de-la-fuerza-aerea-argentina-capitanich-destaco-el-plan-de-radarizacion\/","title":{"rendered":"En el 111\u00b0 aniversario de la Fuerza A\u00e9rea Argentina, Capitanich destac\u00f3 el plan de radarizaci\u00f3n"},"content":{"rendered":"<div class=\"postie-post\">&#8220;Esto es importante para la detecci\u00f3n del tr\u00e1fico a\u00e9reo irregular, es una de las herramientas que tenemos para hacer guerra frontal al narcotr\u00e1fico en cualquiera de sus formas\u201d, asever\u00f3 el gobernador.<br \/>\nEl gobernador Jorge Capitanich particip\u00f3 este jueves del acto oficial por el 111\u00ba aniversario de la Fuerza A\u00e9rea Argentina, que se llev\u00f3 adelante en la base a\u00e9rea militar ubicada sobre ruta 11 en el kil\u00f3metro 1003. \u201cHoy estoy presente acompa\u00f1ando a la Fuerza A\u00e9rea en un nuevo aniversario, y en este edificio tan cercano a nuestros sentimientos, cuya construcci\u00f3n impulsamos en 2008 para albergar el primer radar permanente en la provincia\u201d, se\u00f1al\u00f3 el mandatario. Capitanich puso en valor el plan de radarizaci\u00f3n que lleva adelante la Provincia y que contempla la sustituci\u00f3n del radar instalado en el lugar a partir del a\u00f1o 2025. \u201cEsto es importante para la detecci\u00f3n del tr\u00e1fico a\u00e9reo irregular, es una de las herramientas que tenemos para hacer guerra frontal al narcotr\u00e1fico en cualquiera de sus formas\u201d, asever\u00f3.<br \/>\n&#8220;Es muy importante el nexo y la vinculaci\u00f3n que siempre tenemos con las fuerzas armadas en el territorio provincial. Trabajamos en conjunto para la incorporaci\u00f3n de m\u00e1s tecnolog\u00eda y capacitaci\u00f3n de los recursos humanos, para la optimizaci\u00f3n de nuestro espacio a\u00e9reo&#8221;, sostuvo Capitanich.<br \/>\nEstuvieron presentes en el acto, el jefe de la Base A\u00e9rea Militar, Gabriel Acosta Manrique; el comandante de la tercera Brigada de Monte, coronel mayor Cristian Pablo Pafundi; el comandante de Regi\u00f3n 8 de Gendarmer\u00eda Nacional, general Martin Duarte; el jefe de Agrupaci\u00f3n 18 Chaco de Gendarmer\u00eda, comandante mayor Cesar Luis Fuglistaler.<br \/>\nAdem\u00e1s, en representaci\u00f3n del jefe de la Prefectura Naval Argentina, el oficial ayudante Claudio Garc\u00eda; el subsecretario del municipio de Resistencia Luis Cabrera; la secretaria de Gobierno de Barranqueras, Paola Latyn; en representaci\u00f3n del Jefe de la Polic\u00eda de la provincia, el Comisario Roberto Gamboa; los vicecomodoros veteranos de Guerra de Malvinas Rub\u00e9n Rom\u00e1n y Claudio Cobas. &#8220;Conmemoramos con mucho orgullo este nuevo aniversario, por ser miembros de las Fuerzas Armadas y representantes de su historia, tanto en el pa\u00eds, como en la provincia y la regi\u00f3n\u201d, manifest\u00f3 el jefe de la Base A\u00e9rea Militar, Gabriel Acosta Manrique. \u201cNos sentimos acompa\u00f1ados por la poblaci\u00f3n de la regi\u00f3n y por nuestras autoridades provinciales, que est\u00e1n presente hoy en un nuevo aniversario\u201d, remarc\u00f3. Acosta Manrique record\u00f3 que la Fuerza A\u00e9rea Argentina se fund\u00f3 en 1923 a partir de la creaci\u00f3n de la primera escuela aviaci\u00f3n militar en Palomar Buenos Aires, y esto da inicio a la aviaci\u00f3n militar en Argentina. \u201cCreemos y apostamos a esta fuerza, con tecnolog\u00eda moderna, \u00edmpetu y ganas de servir a su patria y fundamentalmente con ganas de seguir volando m\u00e1s fuerte, m\u00e1s alto y m\u00e1s r\u00e1pido\u201d, expres\u00f3.<\/div>\n","protected":false},"excerpt":{"rendered":"<p>&#8220;Esto es importante para la detecci\u00f3n del tr\u00e1fico a\u00e9reo irregular, es una de las herramientas que tenemos para hacer guerra frontal al narcotr\u00e1fico en cualquiera de sus formas\u201d, asever\u00f3 el gobernador. El gobernador Jorge Capitanich particip\u00f3 este jueves del acto oficial por el 111\u00ba aniversario de la Fuerza A\u00e9rea Argentina, que se llev\u00f3 adelante en [&hellip;]<\/p>\n","protected":false},"author":1,"featured_media":25118,"comment_status":"closed","ping_status":"closed","sticky":false,"template":"","format":"standard","meta":{"footnotes":""},"categories":[6],"tags":[],"class_list":{"0":"post-25117","1":"post","2":"type-post","3":"status-publish","4":"format-standard","5":"has-post-thumbnail","7":"category-chaco"},"_links":{"self":[{"href":"https:\/\/chacosintesis.com.ar\/index.php\/wp-json\/wp\/v2\/posts\/25117","targetHints":{"allow":["GET"]}}],"collection":[{"href":"https:\/\/chacosintesis.com.ar\/index.php\/wp-json\/wp\/v2\/posts"}],"about":[{"href":"https:\/\/chacosintesis.com.ar\/index.php\/wp-json\/wp\/v2\/types\/post"}],"author":[{"embeddable":true,"href":"https:\/\/chacosintesis.com.ar\/index.php\/wp-json\/wp\/v2\/users\/1"}],"replies":[{"embeddable":true,"href":"https:\/\/chacosintesis.com.ar\/index.php\/wp-json\/wp\/v2\/comments?post=25117"}],"version-history":[{"count":0,"href":"https:\/\/chacosintesis.com.ar\/index.php\/wp-json\/wp\/v2\/posts\/25117\/revisions"}],"wp:featuredmedia":[{"embeddable":true,"href":"https:\/\/chacosintesis.com.ar\/index.php\/wp-json\/wp\/v2\/media\/25118"}],"wp:attachment":[{"href":"https:\/\/chacosintesis.com.ar\/index.php\/wp-json\/wp\/v2\/media?parent=25117"}],"wp:term":[{"taxonomy":"category","embeddable":true,"href":"https:\/\/chacosintesis.com.ar\/index.php\/wp-json\/wp\/v2\/categories?post=25117"},{"taxonomy":"post_tag","embeddable":true,"href":"https:\/\/chacosintesis.com.ar\/index.php\/wp-json\/wp\/v2\/tags?post=25117"}],"curies":[{"name":"wp","href":"https:\/\/api.w.org\/{rel}","templated":true}]}}