{"id":25107,"date":"2023-08-10T22:04:48","date_gmt":"2023-08-11T01:04:48","guid":{"rendered":"https:\/\/chacosintesis.com.ar\/?p=25107"},"modified":"2023-08-10T22:07:34","modified_gmt":"2023-08-11T01:07:34","slug":"dos-ofertas-para-construir-el-nuevo-edificio-de-la-escuela-primaria-330-de-saenz-pena","status":"publish","type":"post","link":"https:\/\/chacosintesis.com.ar\/index.php\/dos-ofertas-para-construir-el-nuevo-edificio-de-la-escuela-primaria-330-de-saenz-pena\/","title":{"rendered":"Dos ofertas para construir el nuevo edificio de la Escuela Primaria 330 de S\u00e1enz Pe\u00f1a"},"content":{"rendered":"<div class=\"postie-post\">Dos oferentes se presentaron para desarrollar el proyecto del nuevo edificio con 12 aulas, un taller multiprop\u00f3sito SUM, cocina, ba\u00f1os y dem\u00e1s para albergar a 389 estudiantes.<br \/>\nEste jueves, el gobernador Jorge Capitanich puso en marcha la apertura de sobres licitatorios para la construcci\u00f3n de la Escuela de Educaci\u00f3n Primaria N\u00b0 330 de Presidencia Roque S\u00e1enz Pe\u00f1a, que destinar\u00e1 un nuevo edificio para el aprendizaje de 389 estudiantes. Para esta obra, se recibi\u00f3 la propuesta de las empresas Taller 1 SRL y Palacios Construcciones.<br \/>\n\u201cEste es un compromiso que hab\u00edamos adoptado con el ministro Lineras, con el ministro P\u00e9rez Pons, personal directivo, docentes y alumnos de la escuela. Celebramos este hecho, consideramos auspicioso que se efect\u00fae la oferta correspondiente y de ah\u00ed la adjudicaci\u00f3n para que en 30-60 d\u00edas se inicien las obras correspondientes\u201d, manifest\u00f3 el gobernador desde el Sal\u00f3n Obligado de Casa de Gobierno, en compa\u00f1\u00eda del ministro de Educaci\u00f3n Aldo Lineras y el subsecretario de Obras P\u00fablicas, Federico Tayara.<\/p>\n<p>Este nuevo proyecto tendr\u00e1 una inversi\u00f3n de $742.417.387,46 del Ministerio de Planificaci\u00f3n, Econom\u00eda e Infraestructura de la provincia para el desarrollo de un edificio nuevo que contar\u00e1 12 aulas agrupadas en bloques conectadas a trav\u00e9s de una galer\u00eda continua, un taller multiprop\u00f3sito, un patio principal de formaci\u00f3n, sal\u00f3n de usos m\u00faltiples con su apoyatura, cocina-despensa, sanitarios, dep\u00f3sito general. Junto al acceso principal se encontrar\u00e1 el sector de gobierno y la biblioteca con su espacio multimedia, tambi\u00e9n habr\u00e1 patio de servicio con una torre-tanque, gabinete de bombas y gas.<br \/>\n\u201cComo dispone la instituci\u00f3n de un terreno aleda\u00f1o, autom\u00e1ticamente decidimos hacer este, conforme al petitorio de la comunidad educativa, de convocar a una licitaci\u00f3n. Se han presentado dos oferentes\u201d, explic\u00f3 Capitanich, y remarc\u00f3 que \u201cnos parece muy trascendente que 389 estudiantes van a poder tener las mejores condiciones de aulas limpias y c\u00f3modas para llevar adelante sus proceso de ense\u00f1anza-aprendizaje\u201d.<\/p>\n<p>Lineras: \u201cEl aporte es inestimable\u201d<br \/>\nEl ministro de Educaci\u00f3n, Aldo Lineras, reconoci\u00f3 que esta nueva licitaci\u00f3n \u201ces inestimable\u201d, ya que consider\u00f3 que el edificio actual de la escuela en cuesti\u00f3n \u201cno da para m\u00e1s\u201d. \u201cHace 15 d\u00edas el gobernador nos acompa\u00f1\u00f3 en una reuni\u00f3n con autoridades y docentes de S\u00e1enz Pe\u00f1a y surgi\u00f3 la inquietud de la necesidad de esto, y gracias a su decisi\u00f3n pol\u00edtica se pudo privilegiar\u201d, se\u00f1al\u00f3.<br \/>\nEn ese sentido, indic\u00f3 que &#8220;no es una decisi\u00f3n menor porque la obra demanda unos $740 millones de pesos, pero gracias a este compromiso que tenemos de Planificaci\u00f3n, Econom\u00eda e Infraestructura, se puede hacer la licitaci\u00f3n de una escuela que es central para esa zona de esa S\u00e1enz Pe\u00f1a\u201d.<br \/>\n\u201cEn este caso la obra se inicia obviamente en este tercer periodo de Jorge Capitanich yo creo que el 80% de los edificios van a estar intervenidos completamente, nos va a quedar un 20% que no es menor, el Chaco tiene m\u00e1s de 2.300 edificios y hemos alcanzado un buen nivel de intervenci\u00f3n\u201d, se\u00f1al\u00f3, y concluy\u00f3 que \u201cesto es parte de lo que se viene sumando a una meta que en su momento el gobernador me hab\u00eda fijado de 150 edificios nuevos, luego ya los pudimos extender a 180 y esta es una nueva obra, a las dos o tres que ya se hizo, esa meta de 180, as\u00ed que seguramente son 183-184 escuelas nuevas o refaccionadas nuevas\u201d.<\/p><\/div>\n","protected":false},"excerpt":{"rendered":"<p>Dos oferentes se presentaron para desarrollar el proyecto del nuevo edificio con 12 aulas, un taller multiprop\u00f3sito SUM, cocina, ba\u00f1os y dem\u00e1s para albergar a 389 estudiantes. Este jueves, el gobernador Jorge Capitanich puso en marcha la apertura de sobres licitatorios para la construcci\u00f3n de la Escuela de Educaci\u00f3n Primaria N\u00b0 330 de Presidencia Roque [&hellip;]<\/p>\n","protected":false},"author":1,"featured_media":25108,"comment_status":"closed","ping_status":"closed","sticky":false,"template":"","format":"standard","meta":{"footnotes":""},"categories":[6],"tags":[],"class_list":{"0":"post-25107","1":"post","2":"type-post","3":"status-publish","4":"format-standard","5":"has-post-thumbnail","7":"category-chaco"},"_links":{"self":[{"href":"https:\/\/chacosintesis.com.ar\/index.php\/wp-json\/wp\/v2\/posts\/25107","targetHints":{"allow":["GET"]}}],"collection":[{"href":"https:\/\/chacosintesis.com.ar\/index.php\/wp-json\/wp\/v2\/posts"}],"about":[{"href":"https:\/\/chacosintesis.com.ar\/index.php\/wp-json\/wp\/v2\/types\/post"}],"author":[{"embeddable":true,"href":"https:\/\/chacosintesis.com.ar\/index.php\/wp-json\/wp\/v2\/users\/1"}],"replies":[{"embeddable":true,"href":"https:\/\/chacosintesis.com.ar\/index.php\/wp-json\/wp\/v2\/comments?post=25107"}],"version-history":[{"count":0,"href":"https:\/\/chacosintesis.com.ar\/index.php\/wp-json\/wp\/v2\/posts\/25107\/revisions"}],"wp:featuredmedia":[{"embeddable":true,"href":"https:\/\/chacosintesis.com.ar\/index.php\/wp-json\/wp\/v2\/media\/25108"}],"wp:attachment":[{"href":"https:\/\/chacosintesis.com.ar\/index.php\/wp-json\/wp\/v2\/media?parent=25107"}],"wp:term":[{"taxonomy":"category","embeddable":true,"href":"https:\/\/chacosintesis.com.ar\/index.php\/wp-json\/wp\/v2\/categories?post=25107"},{"taxonomy":"post_tag","embeddable":true,"href":"https:\/\/chacosintesis.com.ar\/index.php\/wp-json\/wp\/v2\/tags?post=25107"}],"curies":[{"name":"wp","href":"https:\/\/api.w.org\/{rel}","templated":true}]}}