{"id":25105,"date":"2023-08-10T22:02:47","date_gmt":"2023-08-11T01:02:47","guid":{"rendered":"https:\/\/chacosintesis.com.ar\/?p=25105"},"modified":"2023-08-10T22:07:28","modified_gmt":"2023-08-11T01:07:28","slug":"las-garcitas-festejo-con-habilitaciones-de-un-frigorifico-pavimento-y-obras-en-la-comisaria","status":"publish","type":"post","link":"https:\/\/chacosintesis.com.ar\/index.php\/las-garcitas-festejo-con-habilitaciones-de-un-frigorifico-pavimento-y-obras-en-la-comisaria\/","title":{"rendered":"Las Garcitas festej\u00f3 con habilitaciones de un frigor\u00edfico, pavimento y obras en la comisar\u00eda"},"content":{"rendered":"<div class=\"postie-post\">En el marco del 78\u00ba aniversario de la localidad, Capitanich habilit\u00f3 el frigor\u00edfico que brinda 13 empleos directos y abastecer\u00e1 tambi\u00e9n a Laguna Limpia, Ciervo Petiso, Capit\u00e1n Solari y Colonias Unidas. Adem\u00e1s, inaugur\u00f3 la pavimentaci\u00f3n de seis cuadras; y la refacci\u00f3n y ampliaci\u00f3n de la seccional policial. La inversi\u00f3n total de la provincia en estas obras super\u00f3 los 290 millones de pesos.<\/p>\n<p>En Las Garcitas, el gobernador Jorge Capitanich y el intendente Sergio Dolce inauguraron, en la tarde de hoy, un nuevo frigor\u00edfico municipal, seis cuadras de pavimento y la refacci\u00f3n integral y ampliaci\u00f3n de la comisar\u00eda local, donde adem\u00e1s entregaron equipamiento, en el marco del 78\u00b0 aniversario de la localidad. Todas las obras fueron ejecutadas a trav\u00e9s de una inversi\u00f3n del Gobierno provincial que supera los 290 millones de pesos y que permitir\u00e1 mejorar la calidad de vida de las y los vecinos de la localidad.<br \/>\n\u201cHoy venimos a festejar 78 a\u00f1os de existencia y rendir homenaje a nuestros padres fundadores, y tambi\u00e9n celebrar con orgullo lo que se hizo en estos a\u00f1os y en este marco hoy hicimos tres inauguraciones muy importantes\u201d, dijo Capitanich en el acto, quien estuvo acompa\u00f1ado de los ministros Santiago P\u00e9rez Pons (Planificaci\u00f3n, Econom\u00eda e Infraestructura) y Sebasti\u00e1n Lifton (Industria, Producci\u00f3n y Empleo), y la ministra P\u00eda Chiacchio Cavana (Desarrollo Social).<\/p>\n<p>Frigor\u00edfico Municipal<br \/>\n En primer lugar, con una inversi\u00f3n de $94.545.302,3, financiados por el Ministerio de Planificaci\u00f3n, Econom\u00eda e Infraestructura (MPEI), se inaugur\u00f3 el frigor\u00edfico municipal para expender y consumir animales faenados en la localidad. Todo el edificio cuenta con piso de hormig\u00f3n, iluminaci\u00f3n LED, torre tanque para brindar agua a todo el matadero y corrales de descanso y oficinas administrativas. El lugar dar\u00e1 empleo a 13 trabajadores y trabajadoras.<br \/>\nAdem\u00e1s, dispone de m\u00faltiples dependencias, entre ellas, accesos a filtros sanitarios para el correcto funcionamiento y la higiene del lugar; dock de cargas con aberturas grandes y aleros para la salida de animales faenados a camiones; zona sucia, intermedia y limpia; salas de trabajo con menudencias; sala para trabajo de patas, manos, cueros y c\u00e1mara de oreo y frigor\u00edfica.<br \/>\nCapitanich explic\u00f3 que es una obra muy importante que se suma a los 8 establecimientos aptos que reemplazar\u00e1n a los 33 espacios que generaban faena en condiciones no satisfactorias. \u201cSe podr\u00e1 cumplir a rajatabla la Ley Federal de Carnes y establecer un mecanismo de custodia, salvaguarda y tutela de la salud p\u00fablica de la poblaci\u00f3n. Porque eso significa que la faena va a tener las condiciones higi\u00e9nicas correspondientes, una cadena de fr\u00edo y un sistema de provisi\u00f3n y distribuci\u00f3n de carnes en \u00f3ptimas condiciones\u201d, dijo.<br \/>\nCabe se\u00f1alar que este frigor\u00edfico va a abastecer a Las Garcitas, Laguna Limpia, a Ciervo Petiso, tambi\u00e9n a Capit\u00e1n Solari y Colonias Unidas.<\/p>\n<p>A su turno, el ministro Lifton explic\u00f3 que este espacio se construy\u00f3 para evitar el funcionamiento de mataderos con deficiencias, permitiendo concentrar la faena de municipios vecinos en un espacio apto en t\u00e9rminos de salubridad. \u201cDe esta forma, lo que se busca es generar puestos de trabajo industrial a trav\u00e9s de la implantaci\u00f3n del frigor\u00edfico para ganado bovino, generar condiciones de salubridad necesarias para el procesamiento de carne y tambi\u00e9n, ser\u00e1 una forma en que los productores contar\u00e1n con una planta industrial cercana\u201d, dijo.<br \/>\nEl ministro de Planificaci\u00f3n, Econom\u00eda e Infraestructura Santiago P\u00e9rez Pons, destac\u00f3 la importancia de la inauguraci\u00f3n del Frigor\u00edfico Municipal como una fuente de trabajo directo: \u201cEst\u00e1 obra es primordial para el desarrollo de la localidad\u201d dijo. Adem\u00e1s, agreg\u00f3 que: \u201cImpulsa al sector ganadero que es la fuente principal de trabajo de toda la zona, creando empleo genuino y fortaleciendo el desarrollo econ\u00f3mico de toda la provincia\u201d finaliz\u00f3.<\/p>\n<p>Cuadras de pavimento<\/p>\n<p>Luego, Capitanich inaugur\u00f3 seis nuevas cuadras de pavimento, ejecutadas con una inversi\u00f3n de $113.949.710,24 financiados por el MPEI y que se realizaron sobre la calle Santiago Feldman, desde la avenida Alfredo Lovey hasta la calle Alejandro Gay. Tambi\u00e9n se construyeron desag\u00fces, asegurando el correcto desplazamiento de aguas pluviales hacia los receptores previstos.<br \/>\nSobre esta obra, el gobernador destac\u00f3 que se llevan inauguradas 60 cuadras de pavimento en todas las gestiones y que el compromiso para el per\u00edodo 2023-2027 es llegar a 100 cuadras m\u00e1s. \u201cEsto significa optimizar el uso de la capacidad instalada del sistema y mejorar la conectividad\u201d, resalt\u00f3.<\/p>\n<p>Refacci\u00f3n integral de la Comisar\u00eda<\/p>\n<p>Por \u00faltimo, Capitanich inaugur\u00f3 la refacci\u00f3n y ampliaci\u00f3n integral de la comisar\u00eda local. Con una inversi\u00f3n de $83.060.105,80, se realiz\u00f3 el cerramiento total de la dependencia, se colocaron rampas; se acondicionaron cielorrasos, carpinter\u00edas y pintura. Se realizaron instalaciones pluviales, el\u00e9ctricas, sanitarias y pisos; cerco perimetral y veredas. Se instalaron camastros en tres celdas (20 en total) con colchones ign\u00edfugos; circuito cerrado de c\u00e1maras de seguridad, equipamiento total de la cocina y, adem\u00e1s, el lugar cuenta con vivienda de servicio con dos dormitorios.<br \/>\nCapitanich se refiri\u00f3 al plan provincial de ejecuci\u00f3n de 92 comisar\u00edas de las cuales, el 76% han sido refaccionadas, ampliadas o construidas a nuevas, en las que se incluye esta comisar\u00eda, que albergar\u00e1 a 20 detenidos, contar\u00e1 con 30 agentes y dispondr\u00e1n de dos camionetas y tres motos. \u201cObservamos que el est\u00e1ndar de seguridad en la regi\u00f3n es de buena calidad y esto significa poder vivir en comunidades bien organizadas, en donde la seguridad es una fuente de garant\u00eda para la ciudadan\u00eda\u201d, destac\u00f3.<br \/>\nEn este contexto, se entregaron dos patrulleros y una moto, m\u00e1s c\u00e1maras de seguridad y uniformes a los agentes de la comisar\u00eda.<br \/>\nPor \u00faltimo, Capitanich destac\u00f3 todas las obras ejecutadas en materia de seguridad, infraestructura escolar, pavimento y remarc\u00f3 que \u201ctodo lo que se hizo en Las Garcitas es motivo de orgullo y satisfacci\u00f3n y lo que se observa en el progreso y en el desarrollo de la localidad es realmente extraordinario\u201d, finaliz\u00f3.<br \/>\nEstuvieron presentes en las inauguraciones, el subsecretario de Planificaci\u00f3n de Seguridad y Justicia, Leandro \u00c1lvarez; el subjefe Comisario General David Vega, el Comisario General Cristian Ver\u00f3n, directores, personal policial, concejales del municipio, funcionarias y funcionarios municipales, vecinas y vecinos.<\/p><\/div>\n","protected":false},"excerpt":{"rendered":"<p>En el marco del 78\u00ba aniversario de la localidad, Capitanich habilit\u00f3 el frigor\u00edfico que brinda 13 empleos directos y abastecer\u00e1 tambi\u00e9n a Laguna Limpia, Ciervo Petiso, Capit\u00e1n Solari y Colonias Unidas. Adem\u00e1s, inaugur\u00f3 la pavimentaci\u00f3n de seis cuadras; y la refacci\u00f3n y ampliaci\u00f3n de la seccional policial. La inversi\u00f3n total de la provincia en estas [&hellip;]<\/p>\n","protected":false},"author":1,"featured_media":25106,"comment_status":"closed","ping_status":"closed","sticky":false,"template":"","format":"standard","meta":{"footnotes":""},"categories":[6],"tags":[],"class_list":{"0":"post-25105","1":"post","2":"type-post","3":"status-publish","4":"format-standard","5":"has-post-thumbnail","7":"category-chaco"},"_links":{"self":[{"href":"https:\/\/chacosintesis.com.ar\/index.php\/wp-json\/wp\/v2\/posts\/25105","targetHints":{"allow":["GET"]}}],"collection":[{"href":"https:\/\/chacosintesis.com.ar\/index.php\/wp-json\/wp\/v2\/posts"}],"about":[{"href":"https:\/\/chacosintesis.com.ar\/index.php\/wp-json\/wp\/v2\/types\/post"}],"author":[{"embeddable":true,"href":"https:\/\/chacosintesis.com.ar\/index.php\/wp-json\/wp\/v2\/users\/1"}],"replies":[{"embeddable":true,"href":"https:\/\/chacosintesis.com.ar\/index.php\/wp-json\/wp\/v2\/comments?post=25105"}],"version-history":[{"count":0,"href":"https:\/\/chacosintesis.com.ar\/index.php\/wp-json\/wp\/v2\/posts\/25105\/revisions"}],"wp:featuredmedia":[{"embeddable":true,"href":"https:\/\/chacosintesis.com.ar\/index.php\/wp-json\/wp\/v2\/media\/25106"}],"wp:attachment":[{"href":"https:\/\/chacosintesis.com.ar\/index.php\/wp-json\/wp\/v2\/media?parent=25105"}],"wp:term":[{"taxonomy":"category","embeddable":true,"href":"https:\/\/chacosintesis.com.ar\/index.php\/wp-json\/wp\/v2\/categories?post=25105"},{"taxonomy":"post_tag","embeddable":true,"href":"https:\/\/chacosintesis.com.ar\/index.php\/wp-json\/wp\/v2\/tags?post=25105"}],"curies":[{"name":"wp","href":"https:\/\/api.w.org\/{rel}","templated":true}]}}