{"id":25099,"date":"2023-08-10T21:59:35","date_gmt":"2023-08-11T00:59:35","guid":{"rendered":"https:\/\/chacosintesis.com.ar\/?p=25099"},"modified":"2023-08-10T22:07:08","modified_gmt":"2023-08-11T01:07:08","slug":"el-gobernador-definio-una-agenda-de-trabajo-con-vecinos-y-vecinas-de-resistencia-2","status":"publish","type":"post","link":"https:\/\/chacosintesis.com.ar\/index.php\/el-gobernador-definio-una-agenda-de-trabajo-con-vecinos-y-vecinas-de-resistencia-2\/","title":{"rendered":"El gobernador defini\u00f3 una agenda de trabajo con vecinos y vecinas de Resistencia"},"content":{"rendered":"<div class=\"postie-post\">Junto a referentes vecinales de los barrios El Changuito, Juan Bautista Alberdi, Villa Elisa, 13 de Diciembre, y zonas aleda\u00f1as, Capitanich repas\u00f3 la lista de obras que la Provincia ejecuta en la zona.<br \/>\nComo parte de la agenda de cercan\u00eda para atender la demanda de vecinos y vecinas de Resistencia, el gobernador Jorge Capitanich mantuvo un encuentro con vecinos y vecinas de los barrios El Changuito, Juan Bautista Alberdi ,13 de Diciembre, Villa Elisa. En la esquina de Pasaje Toledo y Foussal, acompa\u00f1ado por la secretaria de Municipios, Beatriz Bogado, escuch\u00f3 necesidades y urgencias de la comunidad, y repas\u00f3 importantes obras en ejecuci\u00f3n. Entre otras cuestiones, Capitanich remarc\u00f3: \u201cTen\u00edamos m\u00e1s o menos 409 barrios, y hoy ya est\u00e1 proyect\u00e1ndose 454\u201d, mencionando el Plan de Urbanizaci\u00f3n de Barrios Populares, que equivale \u201ca m\u00e1s o menos 649 barrios de toda la provincia\u201d y asegurando que \u201cesto significa una inversi\u00f3n Extraordinaria\u201d, entre otras cuestiones, para ripio, iluminaci\u00f3n, plazoletas, escuelas, centros de salud y comisar\u00edas. \u201cEl esfuerzo nuestro, en t\u00e9rminos de gesti\u00f3n, implica m\u00e1s del 60% pr\u00e1cticamente de las obras de pavimento urbano de la historia de los \u00faltimos 145 a\u00f1os de Resistencia, o sea que siempre plantear eso que hay que hacer mucho m\u00e1s, pero la verdad es que por eso hay que darles continuidad a las inversiones\u201d, continu\u00f3 el mandatario, enfatizando la importancia de invertir en infraestructura. En ese sentido, concluy\u00f3 que \u201cla mejor pol\u00edtica, en t\u00e9rminos de ejercicio de la pol\u00edtica p\u00fablica de gesti\u00f3n en el municipio, es hacer pavimento, porque cuando uno hace pavimento hace obras hidr\u00e1ulicas. La calle es pavimento, es adecuaci\u00f3n hidr\u00e1ulica, es arbolado urbano, es alumbrado p\u00fablico, es resolver todo para la comunidad; y para el vecino y la vecina implica realmente una transferencia de ingresos porque el valor de su bien inmueble crece y obviamente mejora sustancialmente la calidad de vida y obviamente los par\u00e1metros son mucho mejores\u201d, finaliz\u00f3. Por su parte, la vecina del barrio El Changuito, Mirtha Espeso, anfitriona de la casa que alberg\u00f3 la reuni\u00f3n entre el mandatario y referentes vecinales, agradeci\u00f3 la predisposici\u00f3n del gobernador de escuchar los pedidos y afirm\u00f3: \u201cSiempre lo admir\u00e9 porque \u00e9l trabaja para el pueblo. Nos escucha y nos brinda respuestas y eso es lo ideal para que sigamos avanzando y sigamos creciendo\u201d. Participaron de la reuni\u00f3n el administrador General de la Direcci\u00f3n de Vialidad Provincial (DVP), Hugo Varela; el presidente del Instituto del Deporte, Osvaldo P\u00e9rez Cuevas; la secretaria de Municipios, Beatriz Bogado; el subsecretario de Relaciones Institucionales, Gerardo Stancheff; de la Gerencia del \u00c1rea Metropolitana de Secheep, Germ\u00e1n Gonz\u00e1lez.<\/p>\n<p>Obras destacadas en la zona<\/p>\n<p>En la zona, el Ejecutivo provincial est\u00e1 ejecutando m\u00e1s de 40 cuadras de pavimento; con conductos de desag\u00fce, mientras que pasad s\u00e1bado 5 de agosto se inaugur\u00f3 el pavimento de calle Goitia, y se est\u00e1n ejecutando 22 cuadras de Ripio en Villa Federal y General. Obligado. Adem\u00e1s, se est\u00e1n colocando luminarias y se atiende a la necesidad de, por lo menos, 20 cuadras m\u00e1s de Ripio. En Villa Elisa y Villa Rawson, con una inversi\u00f3n de Inversi\u00f3n: $534.182.525,88 se est\u00e1 ejecutando la pavimentaci\u00f3n de 43 cuadras, mediante un convenio de la Direcci\u00f3n de Vialidad Provincial y el Ministerio de Planificaci\u00f3n, Econom\u00eda e Infraestructura. Adem\u00e1s, la zona se ve beneficiada con destacadas obras tales como la ampliaci\u00f3n de la Casa a Medio Camino, con una inversi\u00f3n en 2021 de $25.032.567,72; la ejecuci\u00f3n de la reforma del CAPS del Barrio General Obligado, con una inversi\u00f3n de m\u00e1s de 89 millones de pesos; refacci\u00f3n del Club For Ever, en dos etapas, con inversiones de $89.975.261,06 y $73.772.860,96, respectivamente; y, pr\u00f3ximamente el inicio de los Corredores Viales del AMGR de avenida 9 de Julio (tramo calle Delfino\/Portela \u2013 avenida Gaboto), con una inversi\u00f3n estimada en $779.982.883.<\/p><\/div>\n","protected":false},"excerpt":{"rendered":"<p>Junto a referentes vecinales de los barrios El Changuito, Juan Bautista Alberdi, Villa Elisa, 13 de Diciembre, y zonas aleda\u00f1as, Capitanich repas\u00f3 la lista de obras que la Provincia ejecuta en la zona. Como parte de la agenda de cercan\u00eda para atender la demanda de vecinos y vecinas de Resistencia, el gobernador Jorge Capitanich mantuvo [&hellip;]<\/p>\n","protected":false},"author":1,"featured_media":25100,"comment_status":"closed","ping_status":"closed","sticky":false,"template":"","format":"standard","meta":{"footnotes":""},"categories":[6],"tags":[],"class_list":{"0":"post-25099","1":"post","2":"type-post","3":"status-publish","4":"format-standard","5":"has-post-thumbnail","7":"category-chaco"},"_links":{"self":[{"href":"https:\/\/chacosintesis.com.ar\/index.php\/wp-json\/wp\/v2\/posts\/25099","targetHints":{"allow":["GET"]}}],"collection":[{"href":"https:\/\/chacosintesis.com.ar\/index.php\/wp-json\/wp\/v2\/posts"}],"about":[{"href":"https:\/\/chacosintesis.com.ar\/index.php\/wp-json\/wp\/v2\/types\/post"}],"author":[{"embeddable":true,"href":"https:\/\/chacosintesis.com.ar\/index.php\/wp-json\/wp\/v2\/users\/1"}],"replies":[{"embeddable":true,"href":"https:\/\/chacosintesis.com.ar\/index.php\/wp-json\/wp\/v2\/comments?post=25099"}],"version-history":[{"count":0,"href":"https:\/\/chacosintesis.com.ar\/index.php\/wp-json\/wp\/v2\/posts\/25099\/revisions"}],"wp:featuredmedia":[{"embeddable":true,"href":"https:\/\/chacosintesis.com.ar\/index.php\/wp-json\/wp\/v2\/media\/25100"}],"wp:attachment":[{"href":"https:\/\/chacosintesis.com.ar\/index.php\/wp-json\/wp\/v2\/media?parent=25099"}],"wp:term":[{"taxonomy":"category","embeddable":true,"href":"https:\/\/chacosintesis.com.ar\/index.php\/wp-json\/wp\/v2\/categories?post=25099"},{"taxonomy":"post_tag","embeddable":true,"href":"https:\/\/chacosintesis.com.ar\/index.php\/wp-json\/wp\/v2\/tags?post=25099"}],"curies":[{"name":"wp","href":"https:\/\/api.w.org\/{rel}","templated":true}]}}