{"id":25097,"date":"2023-08-10T21:48:49","date_gmt":"2023-08-11T00:48:49","guid":{"rendered":"https:\/\/chacosintesis.com.ar\/?p=25097"},"modified":"2023-08-10T22:07:01","modified_gmt":"2023-08-11T01:07:01","slug":"el-gobernador-jorge-capitanich-se-reunio-con-gloria-romero","status":"publish","type":"post","link":"https:\/\/chacosintesis.com.ar\/index.php\/el-gobernador-jorge-capitanich-se-reunio-con-gloria-romero\/","title":{"rendered":"El gobernador Jorge Capitanich se reuni\u00f3 con Gloria Romero"},"content":{"rendered":"<div class=\"postie-post\">Definieron una serie de acuerdos entre los que se encuentran la regularizaci\u00f3n dominial de viviendas en el ex barrio Emerenciano, la disoluci\u00f3n de la Fundaci\u00f3n Sa\u00fal Acu\u00f1a una vez finalizado el proceso de auditor\u00eda y el acompa\u00f1amiento hacia la se\u00f1ora Romero para evitar cualquier tipo de hostigamiento en su contra.<\/p>\n<p>El vocero oficial, Juan Manuel Chapo, dio detalles acerca del encuentro que mantuvo el gobernador Jorge Capitanich con la madre de Cecilia Strzyzowski, Gloria Romero, y su abogado, Fernando Burlando, desarrollado este jueves por la ma\u00f1ana en Casa de Gobierno.<br \/>\n\u201cFue una reuni\u00f3n muy positiva, necesaria, donde primero el gobernador manifest\u00f3 a la se\u00f1ora Gloria su absoluto acompa\u00f1amiento durante todo el proceso, el compromiso m\u00e1s absoluto del Gobierno provincial por la verdad y la justicia, para que aquellos que han sido responsables de un hecho tan atroz paguen con todo el peso de la ley\u201d, subray\u00f3 Chapo.<br \/>\nProducto del encuentro, Romero y Capitanich acordaron una serie de puntos vinculados a la situaci\u00f3n del barrio Emerenciano en cuanto a la propiedad de las viviendas, como as\u00ed tambi\u00e9n acerca de la situaci\u00f3n legal de la Fundaci\u00f3n Sa\u00fal Acu\u00f1a, que el mandatario se comprometi\u00f3 a disolver una vez finalizado el proceso de auditor\u00eda que lleva adelante el Gobierno provincial.<br \/>\n\u201cSe defini\u00f3 la conformaci\u00f3n de un equipo especial, que estar\u00e1 a cargo del Ministerio de Gobierno, y que estar\u00e1 abocado a la regularizaci\u00f3n dominial de todas las viviendas en el ex barrio Emerenciano. El lunes pasado declaramos la emergencia habitacional a trav\u00e9s de un decreto con el objetivo de optimizar los procesos y dar mayor nivel de serenidad. Le hemos manifestado esto tanto al doctor Burlando como a la se\u00f1ora Romero nuestro compromiso en este sentido\u201d.<br \/>\nEn cuanto a la Fundaci\u00f3n Sa\u00fal Acu\u00f1a, Chapo detall\u00f3 que se informar\u00e1 a la se\u00f1ora Romero acerca del proceso de intervenci\u00f3n y auditor\u00eda, y adelant\u00f3 que \u201cel gobernador hizo el compromiso de que una vez finalizada la auditor\u00eda y transparentados los resultados de la misma, vamos a proceder a su disoluci\u00f3n\u201d.<br \/>\nPor otra parte, en relaci\u00f3n a un pedido de Fernando Burlando, Chapo remarc\u00f3 que \u201chicimos el compromiso de comunicarnos con los fiscales para brindar todas las garant\u00edas que sean necesarias en este escenario con el objetivo de que puedan continuar su trabajo con absoluta tranquilidad\u201d.<br \/>\nParalelamente, el portavoz record\u00f3 las acciones del Gobierno provincial desde el momento en que se dio a conocer el caso, con el acompa\u00f1amiento a trav\u00e9s de la Polic\u00eda del Chaco como auxiliar de la Justicia, y el rol de la Secretar\u00eda de Derechos Humanos y G\u00e9neros como querellante en la causa.<br \/>\nComo parte de los acuerdos, Chapo asegur\u00f3: \u201chemos comprometido en este proceso todo el acompa\u00f1amiento para garantizar que la se\u00f1ora Gloria Romero se encuentre tranquila, que no tenga que padecer ni hostigamiento ni persecuci\u00f3n de ning\u00fan sector de movimientos sociales, absolutamente de ning\u00fan sector. Hemos dado garant\u00edas de eso\u201d.<br \/>\nY ampli\u00f3: \u201cbuscamos garantizar que no existan manifestaciones que sean agraviantes ni violentas hacia ella y o hacia ning\u00fan ciudadano de la provincia del Chaco que quiera expresarse libremente en favor de la justicia y en favor de la verdad para determinar qui\u00e9nes han sido los responsables de este hecho\u201d.<br \/>\n\u201cEn definitiva, fue una charla amena, respetuosa, que tambi\u00e9n fue desde el coraz\u00f3n y desde quienes comprenden como el gobernador el dolor de una madre. Nosotros estamos para acompa\u00f1ar la lucha y acompa\u00f1ar el dolor de Gloria\u201d, finaliz\u00f3 el portavoz.<\/p><\/div>\n","protected":false},"excerpt":{"rendered":"<p>Definieron una serie de acuerdos entre los que se encuentran la regularizaci\u00f3n dominial de viviendas en el ex barrio Emerenciano, la disoluci\u00f3n de la Fundaci\u00f3n Sa\u00fal Acu\u00f1a una vez finalizado el proceso de auditor\u00eda y el acompa\u00f1amiento hacia la se\u00f1ora Romero para evitar cualquier tipo de hostigamiento en su contra. El vocero oficial, Juan Manuel [&hellip;]<\/p>\n","protected":false},"author":1,"featured_media":25098,"comment_status":"closed","ping_status":"closed","sticky":false,"template":"","format":"standard","meta":{"footnotes":""},"categories":[6],"tags":[],"class_list":{"0":"post-25097","1":"post","2":"type-post","3":"status-publish","4":"format-standard","5":"has-post-thumbnail","7":"category-chaco"},"_links":{"self":[{"href":"https:\/\/chacosintesis.com.ar\/index.php\/wp-json\/wp\/v2\/posts\/25097","targetHints":{"allow":["GET"]}}],"collection":[{"href":"https:\/\/chacosintesis.com.ar\/index.php\/wp-json\/wp\/v2\/posts"}],"about":[{"href":"https:\/\/chacosintesis.com.ar\/index.php\/wp-json\/wp\/v2\/types\/post"}],"author":[{"embeddable":true,"href":"https:\/\/chacosintesis.com.ar\/index.php\/wp-json\/wp\/v2\/users\/1"}],"replies":[{"embeddable":true,"href":"https:\/\/chacosintesis.com.ar\/index.php\/wp-json\/wp\/v2\/comments?post=25097"}],"version-history":[{"count":0,"href":"https:\/\/chacosintesis.com.ar\/index.php\/wp-json\/wp\/v2\/posts\/25097\/revisions"}],"wp:featuredmedia":[{"embeddable":true,"href":"https:\/\/chacosintesis.com.ar\/index.php\/wp-json\/wp\/v2\/media\/25098"}],"wp:attachment":[{"href":"https:\/\/chacosintesis.com.ar\/index.php\/wp-json\/wp\/v2\/media?parent=25097"}],"wp:term":[{"taxonomy":"category","embeddable":true,"href":"https:\/\/chacosintesis.com.ar\/index.php\/wp-json\/wp\/v2\/categories?post=25097"},{"taxonomy":"post_tag","embeddable":true,"href":"https:\/\/chacosintesis.com.ar\/index.php\/wp-json\/wp\/v2\/tags?post=25097"}],"curies":[{"name":"wp","href":"https:\/\/api.w.org\/{rel}","templated":true}]}}