{"id":25087,"date":"2023-08-09T21:15:49","date_gmt":"2023-08-10T00:15:49","guid":{"rendered":"https:\/\/chacosintesis.com.ar\/?p=25087"},"modified":"2023-08-09T21:39:05","modified_gmt":"2023-08-10T00:39:05","slug":"mas-de-240-docentes-accederan-a-creditos-para-la-compra-de-computadoras","status":"publish","type":"post","link":"https:\/\/chacosintesis.com.ar\/index.php\/mas-de-240-docentes-accederan-a-creditos-para-la-compra-de-computadoras\/","title":{"rendered":"M\u00e1s de 240 docentes acceder\u00e1n a cr\u00e9ditos para la compra de computadoras"},"content":{"rendered":"<div class=\"postie-post\">El gobernador hizo entrega de 246 tarjetas del programa Inclusi\u00f3n Digital Docente. Las y los educadores pueden acceder a la l\u00ednea de cr\u00e9ditos a tasa 0% de inter\u00e9s para la compra de equipos inform\u00e1ticos en 12, 24 y 36 cuotas, generando facilidades para el financiamiento y un mayor acceso tecnol\u00f3gico.<br \/>\nEl gobernador Jorge Capitanich entreg\u00f3 este mi\u00e9rcoles 246 beneficios a educadores de Resistencia y Fontana en el marco del programa provincial \u201cInclusi\u00f3n Digital Docente\u201d. A trav\u00e9s de esta l\u00ednea de cr\u00e9ditos, las y los docentes beneficiarios podr\u00e1n adquirir equipos inform\u00e1ticos a una tasa de inter\u00e9s del 0 %. El acto tuvo lugar en el Aula Magna de la Universidad Nacional del Nordeste (Unne).<br \/>\n\u201cQue ustedes puedan acceder a condiciones flexibles de financiamiento para adquirir una herramienta de trabajo es un mecanismo de facilitaci\u00f3n para cumplir mejor su tarea profesional con m\u00e1s calidad, y mejorar su calidad de vida\u201d, sostuvo Capitanich, acompa\u00f1ado por el ministro de Planificaci\u00f3n, Econom\u00eda e Infraestructura, Santiago Perez Pons y el ministro de Educaci\u00f3n, Aldo Lineras.<br \/>\nMediante el programa \u201cInclusi\u00f3n Digital Docente\u201d, las y los docentes podr\u00e1n acceder a una l\u00ednea de cr\u00e9dito con un monto de solicitud de hasta $350.000 para la compra de equipos tecnol\u00f3gicos, en 12, 24 y hasta 36 cuotas. Los profesionales acceder\u00e1n a este beneficio a trav\u00e9s de una tarjeta recargable que les permitir\u00e1 realizar la compra en los locales adheridos.<br \/>\nEn este sentido, Capitanich, detall\u00f3 los beneficios de poder acceder a estos cr\u00e9ditos: \u201cEste esquema de financiamiento es muy adecuado, porque genera un proceso de licuaci\u00f3n y al no tener costo financiero, el mero transcurso del tiempo permite la amortizaci\u00f3n de las cuotas de una manera razonable y eficaz por cada persona que lo recibe\u201d, explic\u00f3.<br \/>\nCabe se\u00f1alar que esta iniciativa se lleva adelante a trav\u00e9s de una colaboraci\u00f3n entre Fiduciaria del Norte S.A., el Nuevo Banco del Chaco (NBCH) y el Ministerio de Educaci\u00f3n, Cultura, Ciencia y Tecnolog\u00eda. Actualmente, el programa alcanza a cerca de 2.400 docentes en toda la provincia, generando un mejor acceso a equipamiento a trav\u00e9s de un financiamiento adecuado para cada trabajador.<br \/>\nPor \u00faltimo, Capitanich detall\u00f3 que a trav\u00e9s de la empresa ECOM se impulsa un plan de inversi\u00f3n en materia de fibra \u00f3ptica que incluye 3.000 kil\u00f3metros de red y permite conectar las 70 localidades chaque\u00f1as. Adem\u00e1s, la empresa junto a Everon ya tiene una red de \u00faltima milla al hogar de m\u00e1s de 10.000 conexiones.  \u201cEsto es muy importante porque m\u00e1s computadoras significan m\u00e1s demanda en la red, m\u00e1s fibra \u00f3ptica significa mejor calidad de conectividad en tiempo real y eso implica tambi\u00e9n un esfuerzo desde el punto de vista de la inversi\u00f3n\u201d, asegur\u00f3.<br \/>\nPor su parte, el ministro de Planificaci\u00f3n, Econom\u00eda e Infraestructura, Santiago Perez Pons destac\u00f3 la participaci\u00f3n de las y los trabajadores de la educaci\u00f3n en el programa. \u201cGracias a esta pol\u00edtica de Estado ya estamos superando las dos mil entregas porque es necesario para la labor de las y los docentes, que gracias a esta herramienta tecnol\u00f3gica, potencian la modernizaci\u00f3n y la educaci\u00f3n\u201d.<br \/>\nAdem\u00e1s, agreg\u00f3: \u201cM\u00e1s Inclusi\u00f3n es un programa que naci\u00f3 en la Universidad para que las y los docentes puedan acceder a un elemento indispensable para el estudio y para el trabajo como es una computadora\u201d.<br \/>\nParticiparon de la entrega el vicerrector de la UNNE, Jos\u00e9 Basterra y la coordinadora general del Programa, Aylen Bianchi.<\/div>\n","protected":false},"excerpt":{"rendered":"<p>El gobernador hizo entrega de 246 tarjetas del programa Inclusi\u00f3n Digital Docente. Las y los educadores pueden acceder a la l\u00ednea de cr\u00e9ditos a tasa 0% de inter\u00e9s para la compra de equipos inform\u00e1ticos en 12, 24 y 36 cuotas, generando facilidades para el financiamiento y un mayor acceso tecnol\u00f3gico. El gobernador Jorge Capitanich entreg\u00f3 [&hellip;]<\/p>\n","protected":false},"author":1,"featured_media":25088,"comment_status":"closed","ping_status":"closed","sticky":false,"template":"","format":"standard","meta":{"footnotes":""},"categories":[6],"tags":[],"class_list":{"0":"post-25087","1":"post","2":"type-post","3":"status-publish","4":"format-standard","5":"has-post-thumbnail","7":"category-chaco"},"_links":{"self":[{"href":"https:\/\/chacosintesis.com.ar\/index.php\/wp-json\/wp\/v2\/posts\/25087","targetHints":{"allow":["GET"]}}],"collection":[{"href":"https:\/\/chacosintesis.com.ar\/index.php\/wp-json\/wp\/v2\/posts"}],"about":[{"href":"https:\/\/chacosintesis.com.ar\/index.php\/wp-json\/wp\/v2\/types\/post"}],"author":[{"embeddable":true,"href":"https:\/\/chacosintesis.com.ar\/index.php\/wp-json\/wp\/v2\/users\/1"}],"replies":[{"embeddable":true,"href":"https:\/\/chacosintesis.com.ar\/index.php\/wp-json\/wp\/v2\/comments?post=25087"}],"version-history":[{"count":0,"href":"https:\/\/chacosintesis.com.ar\/index.php\/wp-json\/wp\/v2\/posts\/25087\/revisions"}],"wp:featuredmedia":[{"embeddable":true,"href":"https:\/\/chacosintesis.com.ar\/index.php\/wp-json\/wp\/v2\/media\/25088"}],"wp:attachment":[{"href":"https:\/\/chacosintesis.com.ar\/index.php\/wp-json\/wp\/v2\/media?parent=25087"}],"wp:term":[{"taxonomy":"category","embeddable":true,"href":"https:\/\/chacosintesis.com.ar\/index.php\/wp-json\/wp\/v2\/categories?post=25087"},{"taxonomy":"post_tag","embeddable":true,"href":"https:\/\/chacosintesis.com.ar\/index.php\/wp-json\/wp\/v2\/tags?post=25087"}],"curies":[{"name":"wp","href":"https:\/\/api.w.org\/{rel}","templated":true}]}}