{"id":25085,"date":"2023-08-09T21:13:44","date_gmt":"2023-08-10T00:13:44","guid":{"rendered":"https:\/\/chacosintesis.com.ar\/?p=25085"},"modified":"2023-08-09T21:39:00","modified_gmt":"2023-08-10T00:39:00","slug":"vecinos-de-barrios-del-sur-y-centro-oeste-de-resistencia-acordaron-politicas-prioritarias-con-el-gobierno","status":"publish","type":"post","link":"https:\/\/chacosintesis.com.ar\/index.php\/vecinos-de-barrios-del-sur-y-centro-oeste-de-resistencia-acordaron-politicas-prioritarias-con-el-gobierno\/","title":{"rendered":"Vecinos de barrios del sur y centro-oeste de Resistencia acordaron pol\u00edticas prioritarias con el gobierno"},"content":{"rendered":"<div class=\"postie-post\">Seguridad, iluminaci\u00f3n, acceso a la salud y a servicios p\u00fablicos fueron algunos de los temas abordados con la comunidad de los barrios Provincias Unidas, Espa\u00f1a, Villa Ercilia y Villa del Oeste, por un lado, y Juan Domingo Per\u00f3n, Villa Don Alberto y Nueva Resistencia posteriormente.<br \/>\nEl gobernador Jorge Capitanich mantuvo este mi\u00e9rcoles por la tarde una serie de encuentros con vecinos y vecinas de barrios de la zona sur y centro oeste de Resistencia con el objetivo de escuchar sus propuestas y definir en conjunto las pol\u00edticas prioritarias a implementar en cada comunidad para mejorar su calidad de vida. Con estos encuentros, ya son m\u00e1s de 75 las reuniones con distintos sectores en toda la provincia.<br \/>\n\u201cEn Resistencia, como en toda la provincia, continuamos encontr\u00e1ndonos y charlando con los vecinos y vecinas para escuchar sus necesidades, trabajar en soluciones concretas y que puedan vivir mejor junto a sus familias\u201d, expres\u00f3 el mandatario.<br \/>\nEn primer lugar, en la Escuela de Educaci\u00f3n Especial N\u00b05, \u201cDra. Lydia Foguelman de Coriat\u201d y acompa\u00f1ado por el diputado provincial Rodrigo Ocampo, el mandatario analiz\u00f3 junto a referentes vecinales del barrio Provincias Unidas, Barrio Espa\u00f1a, parte de Villa del Oeste y Villa Ercilia, urgencias en materia de iluminaci\u00f3n, seguridad, salud e infraestructura educativa y red cloacal.<br \/>\nCapitanich explic\u00f3 que, para un pr\u00f3ximo per\u00edodo de gobierno, se plantea \u201cun programa de urbanizaci\u00f3n de barrios populares con una inversi\u00f3n de 1.200 millones de d\u00f3lares para la ejecuci\u00f3n de obras de iluminaci\u00f3n, plazoletas, escuelas, centros de salud y comisar\u00edas cercanas\u201d. El mandatario garantiz\u00f3 adem\u00e1s la provisi\u00f3n de medicamentos y el desarrollo de operativos territoriales en la zona en las pr\u00f3ximas semanas.<br \/>\nLa referente Marcela Sosa record\u00f3 que, teniendo en cuenta la amplitud de la zona de influencia y la cantidad de barrios, es la segunda reuni\u00f3n que mantienen con el gobernador en la zona. \u201cLos vecinos me dijeron que le iban a agradecer porque se hizo un relevamiento muy detallado y se lleg\u00f3 a concluir lo que se hab\u00eda prometido\u201d, destac\u00f3 Sosa, ratificando que \u201cuno de los temas era la inseguridad, el arreglo de luminarias y salud\u201d, confirmando tambi\u00e9n que dada la cercan\u00eda del Hospital Odontol\u00f3gico se solicitar\u00e1n m\u00e1s insumos.<br \/>\nSilvia Fern\u00e1ndez, directora de la escuela que alberg\u00f3 la reuni\u00f3n, agradeci\u00f3 la visita del mandatario y expres\u00f3: \u201cPudimos transmitirle algunas de nuestras necesidades, as\u00ed que eso nos pone muy contentos y tambi\u00e9n lo invitamos para el aniversario n\u00famero 47 de la instituci\u00f3n y el n\u00famero 40 del servicio de estimulaci\u00f3n y aprendizaje temprano\u201d, recordando que cuentan con una matr\u00edcula de m\u00e1s de 150 alumnos, recibiendo ni\u00f1os desde el mes de vida, adem\u00e1s de un \u00e1rea de formaci\u00f3n profesional y secciones de adolescentes y j\u00f3venes.<br \/>\nM\u00e1s tarde en el Centro Cultural Fundaci\u00f3n M\u00eda Eva de Villa Don Alberto, acompa\u00f1ado por la diputada nacional Lucila Massin, el gobernador analiz\u00f3 junto a vecinos y vecinas cuestiones vinculadas a mejorar la atenci\u00f3n sanitaria y en materia de consumos problem\u00e1ticos. Participaron tambi\u00e9n referentes barriales de los barrios Juan Domingo Per\u00f3n, Nueva Resistencia, y Chacra 138, junto a quienes analizaron tambi\u00e9n la ejecuci\u00f3n de obras de alumbrado p\u00fablico y ripio.<br \/>\nEn la zona Sur de la ciudad se prev\u00e9 la instalaci\u00f3n de 200 luminarias en el \u00e1rea urbana de los barrios Per\u00f3n, Villa Don Alberto y Villa Nueva, en tanto que, con una inversi\u00f3n de $750.258 se han finalizado obras en el barrio Per\u00f3n con la instalaci\u00f3n de nuevas luminarias con tecnolog\u00eda led y pescantes sobre columnas de alumbrado preexistentes en las calles Donovan, Caracas y Necochea.<br \/>\nTambi\u00e9n se avanza con obras en el barrio Villa Don Alberto, donde se prev\u00e9 la instalaci\u00f3n de 77 luminarias led, 20 nuevos pescantes y dos nuevas columnas de alumbrado adem\u00e1s de la extensi\u00f3n en 265 metros del circuito el\u00e9ctrico necesario. De esta obra ya se han instalado 30 luminarias lo que representa un avance del 39 % de la obra y cuando est\u00e9 terminada se habr\u00e1n invertido $2.766.964. Luego se avanzar\u00e1 sobre el barrio Villa Nueva y se cubrir\u00e1n otros lugares de esas populosas barriadas.<br \/>\nAsimismo, con una inversi\u00f3n de $60.375.000 se ejecutan en Villa Don Alberto y zonas aleda\u00f1as obras de ripio propiciadas mediante un convenio entre la Direcci\u00f3n de Vialidad Provincial y el Ministerio de Planificaci\u00f3n, Econom\u00eda e Infraestructura.<\/div>\n","protected":false},"excerpt":{"rendered":"<p>Seguridad, iluminaci\u00f3n, acceso a la salud y a servicios p\u00fablicos fueron algunos de los temas abordados con la comunidad de los barrios Provincias Unidas, Espa\u00f1a, Villa Ercilia y Villa del Oeste, por un lado, y Juan Domingo Per\u00f3n, Villa Don Alberto y Nueva Resistencia posteriormente. El gobernador Jorge Capitanich mantuvo este mi\u00e9rcoles por la tarde [&hellip;]<\/p>\n","protected":false},"author":1,"featured_media":25086,"comment_status":"closed","ping_status":"closed","sticky":false,"template":"","format":"standard","meta":{"footnotes":""},"categories":[6],"tags":[],"class_list":{"0":"post-25085","1":"post","2":"type-post","3":"status-publish","4":"format-standard","5":"has-post-thumbnail","7":"category-chaco"},"_links":{"self":[{"href":"https:\/\/chacosintesis.com.ar\/index.php\/wp-json\/wp\/v2\/posts\/25085","targetHints":{"allow":["GET"]}}],"collection":[{"href":"https:\/\/chacosintesis.com.ar\/index.php\/wp-json\/wp\/v2\/posts"}],"about":[{"href":"https:\/\/chacosintesis.com.ar\/index.php\/wp-json\/wp\/v2\/types\/post"}],"author":[{"embeddable":true,"href":"https:\/\/chacosintesis.com.ar\/index.php\/wp-json\/wp\/v2\/users\/1"}],"replies":[{"embeddable":true,"href":"https:\/\/chacosintesis.com.ar\/index.php\/wp-json\/wp\/v2\/comments?post=25085"}],"version-history":[{"count":0,"href":"https:\/\/chacosintesis.com.ar\/index.php\/wp-json\/wp\/v2\/posts\/25085\/revisions"}],"wp:featuredmedia":[{"embeddable":true,"href":"https:\/\/chacosintesis.com.ar\/index.php\/wp-json\/wp\/v2\/media\/25086"}],"wp:attachment":[{"href":"https:\/\/chacosintesis.com.ar\/index.php\/wp-json\/wp\/v2\/media?parent=25085"}],"wp:term":[{"taxonomy":"category","embeddable":true,"href":"https:\/\/chacosintesis.com.ar\/index.php\/wp-json\/wp\/v2\/categories?post=25085"},{"taxonomy":"post_tag","embeddable":true,"href":"https:\/\/chacosintesis.com.ar\/index.php\/wp-json\/wp\/v2\/tags?post=25085"}],"curies":[{"name":"wp","href":"https:\/\/api.w.org\/{rel}","templated":true}]}}