{"id":25081,"date":"2023-08-09T21:09:06","date_gmt":"2023-08-10T00:09:06","guid":{"rendered":"https:\/\/chacosintesis.com.ar\/?p=25081"},"modified":"2023-08-09T21:38:50","modified_gmt":"2023-08-10T00:38:50","slug":"paso-habra-guardias-minimas-en-registros-civiles-para-la-entrega-de-dni","status":"publish","type":"post","link":"https:\/\/chacosintesis.com.ar\/index.php\/paso-habra-guardias-minimas-en-registros-civiles-para-la-entrega-de-dni\/","title":{"rendered":"PASO: habr\u00e1 guardias m\u00ednimas en Registros Civiles para la entrega de DNI"},"content":{"rendered":"<div class=\"postie-post\">Para retirar ejemplares por las elecciones Primarias, Abiertas Simult\u00e1neas y Obligatorias nacionales, las y los ciudadanos podr\u00e1n asistir durante el s\u00e1bado por la ma\u00f1ana y el domingo desde las 8 hasta las 18.<br \/>\nEl Ministerio de Gobierno y Trabajo del Chaco inform\u00f3 que en el marco de las Primarias Abiertas Simult\u00e1neas y Obligatorias (PASO) del pr\u00f3ximo domingo 13 de agosto; el Registro Civil trabajar\u00e1 con guardias durante el fin de semana. En ese sentido, los horarios de atenci\u00f3n al p\u00fablico el s\u00e1bado 11 ser\u00e1n desde las 8 hasta las 12 del mediod\u00eda y durante el domingo las guardias ser\u00e1n desde las 8 hasta las 18. En ambos d\u00edas, los ciudadanos podr\u00e1n retirar sus DNI.<br \/>\nDurante los cuatro a\u00f1os de gesti\u00f3n desde el Ministerio se han intervenido, (entre edificios construidos, ampliados y refaccionados) casi 71 de los 98 registros civiles distribuidos en toda la provincia. Adem\u00e1s, se suman 103 nuevos equipos de Centro de Documentaci\u00f3n R\u00e1pida (CDR) otorgados por Naci\u00f3n para realizar tr\u00e1mites.<\/div>\n","protected":false},"excerpt":{"rendered":"<p>Para retirar ejemplares por las elecciones Primarias, Abiertas Simult\u00e1neas y Obligatorias nacionales, las y los ciudadanos podr\u00e1n asistir durante el s\u00e1bado por la ma\u00f1ana y el domingo desde las 8 hasta las 18. El Ministerio de Gobierno y Trabajo del Chaco inform\u00f3 que en el marco de las Primarias Abiertas Simult\u00e1neas y Obligatorias (PASO) del [&hellip;]<\/p>\n","protected":false},"author":1,"featured_media":25082,"comment_status":"closed","ping_status":"closed","sticky":false,"template":"","format":"standard","meta":{"footnotes":""},"categories":[6],"tags":[],"class_list":{"0":"post-25081","1":"post","2":"type-post","3":"status-publish","4":"format-standard","5":"has-post-thumbnail","7":"category-chaco"},"_links":{"self":[{"href":"https:\/\/chacosintesis.com.ar\/index.php\/wp-json\/wp\/v2\/posts\/25081","targetHints":{"allow":["GET"]}}],"collection":[{"href":"https:\/\/chacosintesis.com.ar\/index.php\/wp-json\/wp\/v2\/posts"}],"about":[{"href":"https:\/\/chacosintesis.com.ar\/index.php\/wp-json\/wp\/v2\/types\/post"}],"author":[{"embeddable":true,"href":"https:\/\/chacosintesis.com.ar\/index.php\/wp-json\/wp\/v2\/users\/1"}],"replies":[{"embeddable":true,"href":"https:\/\/chacosintesis.com.ar\/index.php\/wp-json\/wp\/v2\/comments?post=25081"}],"version-history":[{"count":0,"href":"https:\/\/chacosintesis.com.ar\/index.php\/wp-json\/wp\/v2\/posts\/25081\/revisions"}],"wp:featuredmedia":[{"embeddable":true,"href":"https:\/\/chacosintesis.com.ar\/index.php\/wp-json\/wp\/v2\/media\/25082"}],"wp:attachment":[{"href":"https:\/\/chacosintesis.com.ar\/index.php\/wp-json\/wp\/v2\/media?parent=25081"}],"wp:term":[{"taxonomy":"category","embeddable":true,"href":"https:\/\/chacosintesis.com.ar\/index.php\/wp-json\/wp\/v2\/categories?post=25081"},{"taxonomy":"post_tag","embeddable":true,"href":"https:\/\/chacosintesis.com.ar\/index.php\/wp-json\/wp\/v2\/tags?post=25081"}],"curies":[{"name":"wp","href":"https:\/\/api.w.org\/{rel}","templated":true}]}}