{"id":25079,"date":"2023-08-09T21:07:28","date_gmt":"2023-08-10T00:07:28","guid":{"rendered":"https:\/\/chacosintesis.com.ar\/?p=25079"},"modified":"2023-08-09T21:38:45","modified_gmt":"2023-08-10T00:38:45","slug":"chaco-y-el-senasa-refuerzan-medidas-para-la-prevencion-de-la-influenza-aviar","status":"publish","type":"post","link":"https:\/\/chacosintesis.com.ar\/index.php\/chaco-y-el-senasa-refuerzan-medidas-para-la-prevencion-de-la-influenza-aviar\/","title":{"rendered":"Chaco y el Senasa refuerzan medidas para la prevenci\u00f3n de la influenza aviar"},"content":{"rendered":"<div class=\"postie-post\">La presidenta del organismo mantuvo un encuentro con el ministro Sebasti\u00e1n Lifton. Tras cerrar el \u00faltimo foco en el circuito comercial, el pa\u00eds se declar\u00f3 libre de la enfermedad.<br \/>\nEn el marco de su visita a las provincias de Chaco y Formosa, la presidenta del Servicio Nacional de Sanidad y Calidad Agroalimentaria (Senasa), Diana Guill\u00e9n fue recibida por el ministro de Producci\u00f3n, Industria y Empleo de Chaco, Sebasti\u00e1n Lifton con quien dialog\u00f3 sobre las acciones realizadas en la regi\u00f3n para la prevenci\u00f3n y control de la influenza aviar y el trabajo articulado entre ambos organismos en materia fitozoosanitaria y en inocuidad de los agroalimentos.<br \/>\nEn el marco de la emergencia sanitaria (Resoluci\u00f3n 147\/2023) y de la autodeclaraci\u00f3n de pa\u00eds libre de influenza aviar informada ayer a la Organizaci\u00f3n Mundial de Sanidad Animal (OMSA), tras cerrar el \u00faltimo foco de la enfermedad en el circuito comercial, el Senasa y la provincia evaluaron las acciones en el territorio y acordaron continuar reforzando la aplicaci\u00f3n de medidas para la prevenci\u00f3n de la enfermedad.<br \/>\nEn tal sentido, se avanz\u00f3 en la definici\u00f3n de un protocolo para el movimiento de pollitos beb\u00e9s para el sector de la agricultura familiar en Chaco y Formosa que ser\u00e1 presentado en los pr\u00f3ximos d\u00edas, como se viene trabajando con las distintas regiones del pa\u00eds, las provincias y las asociaciones de peque\u00f1os productores av\u00edcolas. Protocolo que ya fue instrumentado en Misiones y Neuqu\u00e9n.<br \/>\nTambi\u00e9n, dialogaron sobre los programas de sanidad animal, protecci\u00f3n vegetal y de inocuidad agroalimentaria que se desarrollan en la provincia y las gestiones para habilitar establecimientos frigor\u00edficos para la exportaci\u00f3n. Adem\u00e1s, las autoridades nacionales y provinciales se comprometieron a fortalecer el trabajo articulado en beneficio de las y los productores y consumidores.<br \/>\nEn la reuni\u00f3n celebrada en Casa de Gobierno de Chaco tambi\u00e9n estuvieron presentes el director del Centro Regional Chaco-Formosa, Facundo Galvani, los coordinadores de Sanidad Animal, Facundo Macias; de Inocuidad y Calidad Agroalimentaria, Bernardo Medina; y los subsecretarios de Ganader\u00eda, Sebasti\u00e1n Bravo y de Agricultura, Flavia Francescutti; y los directores de Producci\u00f3n Animal, Carlos Corsi y de Ganader\u00eda, Mabel Lilian Pecovich.<\/div>\n","protected":false},"excerpt":{"rendered":"<p>La presidenta del organismo mantuvo un encuentro con el ministro Sebasti\u00e1n Lifton. Tras cerrar el \u00faltimo foco en el circuito comercial, el pa\u00eds se declar\u00f3 libre de la enfermedad. En el marco de su visita a las provincias de Chaco y Formosa, la presidenta del Servicio Nacional de Sanidad y Calidad Agroalimentaria (Senasa), Diana Guill\u00e9n [&hellip;]<\/p>\n","protected":false},"author":1,"featured_media":25080,"comment_status":"closed","ping_status":"closed","sticky":false,"template":"","format":"standard","meta":{"footnotes":""},"categories":[6],"tags":[],"class_list":{"0":"post-25079","1":"post","2":"type-post","3":"status-publish","4":"format-standard","5":"has-post-thumbnail","7":"category-chaco"},"_links":{"self":[{"href":"https:\/\/chacosintesis.com.ar\/index.php\/wp-json\/wp\/v2\/posts\/25079","targetHints":{"allow":["GET"]}}],"collection":[{"href":"https:\/\/chacosintesis.com.ar\/index.php\/wp-json\/wp\/v2\/posts"}],"about":[{"href":"https:\/\/chacosintesis.com.ar\/index.php\/wp-json\/wp\/v2\/types\/post"}],"author":[{"embeddable":true,"href":"https:\/\/chacosintesis.com.ar\/index.php\/wp-json\/wp\/v2\/users\/1"}],"replies":[{"embeddable":true,"href":"https:\/\/chacosintesis.com.ar\/index.php\/wp-json\/wp\/v2\/comments?post=25079"}],"version-history":[{"count":0,"href":"https:\/\/chacosintesis.com.ar\/index.php\/wp-json\/wp\/v2\/posts\/25079\/revisions"}],"wp:featuredmedia":[{"embeddable":true,"href":"https:\/\/chacosintesis.com.ar\/index.php\/wp-json\/wp\/v2\/media\/25080"}],"wp:attachment":[{"href":"https:\/\/chacosintesis.com.ar\/index.php\/wp-json\/wp\/v2\/media?parent=25079"}],"wp:term":[{"taxonomy":"category","embeddable":true,"href":"https:\/\/chacosintesis.com.ar\/index.php\/wp-json\/wp\/v2\/categories?post=25079"},{"taxonomy":"post_tag","embeddable":true,"href":"https:\/\/chacosintesis.com.ar\/index.php\/wp-json\/wp\/v2\/tags?post=25079"}],"curies":[{"name":"wp","href":"https:\/\/api.w.org\/{rel}","templated":true}]}}