{"id":25073,"date":"2023-08-09T20:58:02","date_gmt":"2023-08-09T23:58:02","guid":{"rendered":"https:\/\/chacosintesis.com.ar\/?p=25073"},"modified":"2023-08-09T21:07:24","modified_gmt":"2023-08-10T00:07:24","slug":"por-el-dia-del-abogado-y-la-abogada-habra-asueto-judicial","status":"publish","type":"post","link":"https:\/\/chacosintesis.com.ar\/index.php\/por-el-dia-del-abogado-y-la-abogada-habra-asueto-judicial\/","title":{"rendered":"Por el d\u00eda del abogado y la abogada habr\u00e1 asueto judicial"},"content":{"rendered":"<div class=\"postie-post\">El martes 29 de agosto habr\u00e1 asueto judicial, con suspensi\u00f3n de t\u00e9rminos y audiencias, en toda la provincia con motivo de celebrarse el d\u00eda del abogado y abogada. As\u00ed lo resolvi\u00f3 hoy el Superior Tribunal de Justicia por resoluci\u00f3n 785 en respuesta al pedido de los colegios y consejo de abogados y abogadas de las seis circunscripciones judiciales.<\/div>\n","protected":false},"excerpt":{"rendered":"<p>El martes 29 de agosto habr\u00e1 asueto judicial, con suspensi\u00f3n de t\u00e9rminos y audiencias, en toda la provincia con motivo de celebrarse el d\u00eda del abogado y abogada. As\u00ed lo resolvi\u00f3 hoy el Superior Tribunal de Justicia por resoluci\u00f3n 785 en respuesta al pedido de los colegios y consejo de abogados y abogadas de las [&hellip;]<\/p>\n","protected":false},"author":1,"featured_media":25074,"comment_status":"closed","ping_status":"closed","sticky":false,"template":"","format":"standard","meta":{"footnotes":""},"categories":[6],"tags":[],"class_list":{"0":"post-25073","1":"post","2":"type-post","3":"status-publish","4":"format-standard","5":"has-post-thumbnail","7":"category-chaco"},"_links":{"self":[{"href":"https:\/\/chacosintesis.com.ar\/index.php\/wp-json\/wp\/v2\/posts\/25073","targetHints":{"allow":["GET"]}}],"collection":[{"href":"https:\/\/chacosintesis.com.ar\/index.php\/wp-json\/wp\/v2\/posts"}],"about":[{"href":"https:\/\/chacosintesis.com.ar\/index.php\/wp-json\/wp\/v2\/types\/post"}],"author":[{"embeddable":true,"href":"https:\/\/chacosintesis.com.ar\/index.php\/wp-json\/wp\/v2\/users\/1"}],"replies":[{"embeddable":true,"href":"https:\/\/chacosintesis.com.ar\/index.php\/wp-json\/wp\/v2\/comments?post=25073"}],"version-history":[{"count":0,"href":"https:\/\/chacosintesis.com.ar\/index.php\/wp-json\/wp\/v2\/posts\/25073\/revisions"}],"wp:featuredmedia":[{"embeddable":true,"href":"https:\/\/chacosintesis.com.ar\/index.php\/wp-json\/wp\/v2\/media\/25074"}],"wp:attachment":[{"href":"https:\/\/chacosintesis.com.ar\/index.php\/wp-json\/wp\/v2\/media?parent=25073"}],"wp:term":[{"taxonomy":"category","embeddable":true,"href":"https:\/\/chacosintesis.com.ar\/index.php\/wp-json\/wp\/v2\/categories?post=25073"},{"taxonomy":"post_tag","embeddable":true,"href":"https:\/\/chacosintesis.com.ar\/index.php\/wp-json\/wp\/v2\/tags?post=25073"}],"curies":[{"name":"wp","href":"https:\/\/api.w.org\/{rel}","templated":true}]}}