{"id":25071,"date":"2023-08-09T20:55:54","date_gmt":"2023-08-09T23:55:54","guid":{"rendered":"https:\/\/chacosintesis.com.ar\/?p=25071"},"modified":"2023-08-09T21:07:19","modified_gmt":"2023-08-10T00:07:19","slug":"la-primera-bienal-escenica-del-norte-grande-argentino-se-realizara-en-siete-localidades-chaquenas","status":"publish","type":"post","link":"https:\/\/chacosintesis.com.ar\/index.php\/la-primera-bienal-escenica-del-norte-grande-argentino-se-realizara-en-siete-localidades-chaquenas\/","title":{"rendered":"La primera Bienal Esc\u00e9nica del Norte Grande argentino, se realizar\u00e1 en siete localidades chaque\u00f1as"},"content":{"rendered":"<div class=\"postie-post\">Este evento priorizar\u00e1 los corredores entre las diez provincias del Norte Grande: Salta, Tucum\u00e1n, Jujuy, Santiago del Estero, Catamarca y La Rioja del NOA; Chaco, Formosa, Misiones y Corrientes del NEA. Adem\u00e1s, habr\u00e1 talleres y espacios de formaci\u00f3n.<br \/>\nEste mi\u00e9rcoles 9 de agosto a las 10, en el Complejo Cultural Guido Miranda del Instituto de Cultura del Chaco, se lanz\u00f3 la Bienal Esc\u00e9nica del Norte Grande Argentino que se desarrollar\u00e1 del 17 al 21 de agosto, en siete localidades chaque\u00f1as con obras del cat\u00e1logo del INT.<br \/>\nEl presidente del ICCH, Francisco Tete Romero, encabez\u00f3 el lanzamiento junto a Marcelo Padel\u00edn, en representaci\u00f3n del Instituto Nacional del Teatro, Walter Carbonell, a cargo de la Direcci\u00f3n de Lenguajes Art\u00edsticos y Gast\u00f3n P\u00e9rez, al frente del Departamento de Teatro del ICCH.<br \/>\nRomero destac\u00f3 \u201cel extenso y profundo trabajo que vienen desarrollando Marcelo Padel\u00edn, Walter Carbonell y Gast\u00f3n P\u00e9rez de manera articulada desde el 22 de febrero y que posibilit\u00f3 que esta primera Bienal de Teatro del Norte Grande llegue a nuestra provincia y atraviese salas oficiales e independientes de siete localidades, Resistencia, Barranqueras, La Tigra, S\u00e1enz Pe\u00f1a, Villa \u00c1ngela, Charata y Las Bre\u00f1as, con diez obras del cat\u00e1logo del Instituto Nacional de Teatro.\u201d<br \/>\nEsta Bienal priorizar\u00e1 los corredores entre las diez provincias del Norte Grande: Salta, Tucum\u00e1n, Jujuy, Santiago del Estero, Catamarca y La Rioja del NOA; Chaco, Formosa, Misiones y Corrientes del NEA; no s\u00f3lo para que diez elencos se presenten con m\u00e1s de sesenta artistas, directores y t\u00e9cnicos, sino que, adem\u00e1s, ofrecer\u00e1n talleres y espacios de formaci\u00f3n.\u201d<br \/>\n\u201cAnalizamos deseos y necesidades del sector, y planteamos instancias de formaci\u00f3n, de encuentro, de debate porque lo que queremos es que este corredor de diez provincias signifique la circulaci\u00f3n de nuestras obras y el fortalecimiento del sector\u201d concluy\u00f3.<br \/>\nPor su parte, en representaci\u00f3n del Instituto Nacional de Teatro, el actor, director y dramaturgo, Marcelo Padel\u00edn expres\u00f3 sobre la Bienal que \u201ces una muestra m\u00e1s de un estado que prioriza hechos culturales trascendentes para la regi\u00f3n\u201d y que \u201creunir\u00e1 a todas las provincias del Norte Grande con espect\u00e1culos que conforman el cat\u00e1logo del INT, con diversas curadur\u00edas.\u201d<br \/>\n\u201cEn los \u00faltimos a\u00f1os, gracias a estas pol\u00edticas, se realizaron grandes acontecimientos teatrales, culturales, y es importante destacar el crecimiento sostenido del p\u00fablico, esa necesidad de ir a las salas de teatro. Nuestra obligaci\u00f3n es doble: trabajar para ese p\u00fablico y llegar a nuevos p\u00fablicos. Por eso nos dedicamos a que, adem\u00e1s de Resistencia las obras puedan recorrer distintas ciudades del interior, con salas independientes donde se viene trabajando arduamente; aportamos nuestro acompa\u00f1amiento para que esos espacios se sostengan y esas comunidades puedan tener un espacio desde el cual ser part\u00edcipes de la cultura de sus pueblos.\u201d<br \/>\n\u201cTenemos gran expectativa en que este evento sea una vez m\u00e1s, un \u00e9xito de p\u00fablico, para que nuestros artistas, a trav\u00e9s de sus obras, puedan tener contacto con los p\u00fablicos. Invitamos del 17 al 21 de agosto, a compartir y celebrar el teatro en diversas salas de Resistencia, como el Centro Cultural de Galatea, Sala 88, el Centro Cultural Alternativo, el Complejo Cultural Guido Miranda, Casa de la Culturas e inmediatamente despu\u00e9s, en numerosas salas del interior\u201d, concluy\u00f3.<br \/>\nCartelera<br \/>\nLa cartelera de obras estar\u00e1 conformada por \u201cFuga\u201d (Salta), \u201cCuadro de Asfixia\u201d (Misiones), \u201cTejerina Avienta el Mal Viento\u201d (Catamarca), Guerra contra el Olvido (Formosa), \u201cPobre Carmen\u201d (Jujuy), \u201cGolondrinas el Desarraigo de un Deseo\u201d (Tucum\u00e1n), \u201cFlama\u201d (Santiago del Estero), \u201cInfinitas en Fase \u201c(La Rioja), \u201cY su Oficio\u201d (Corrientes) y la obra Ganadora del reciente Encuentro y Fiesta Provincial de Teatro Chaco 2023 Remember.<\/div>\n","protected":false},"excerpt":{"rendered":"<p>Este evento priorizar\u00e1 los corredores entre las diez provincias del Norte Grande: Salta, Tucum\u00e1n, Jujuy, Santiago del Estero, Catamarca y La Rioja del NOA; Chaco, Formosa, Misiones y Corrientes del NEA. Adem\u00e1s, habr\u00e1 talleres y espacios de formaci\u00f3n. Este mi\u00e9rcoles 9 de agosto a las 10, en el Complejo Cultural Guido Miranda del Instituto de [&hellip;]<\/p>\n","protected":false},"author":1,"featured_media":25072,"comment_status":"closed","ping_status":"closed","sticky":false,"template":"","format":"standard","meta":{"footnotes":""},"categories":[6],"tags":[],"class_list":{"0":"post-25071","1":"post","2":"type-post","3":"status-publish","4":"format-standard","5":"has-post-thumbnail","7":"category-chaco"},"_links":{"self":[{"href":"https:\/\/chacosintesis.com.ar\/index.php\/wp-json\/wp\/v2\/posts\/25071","targetHints":{"allow":["GET"]}}],"collection":[{"href":"https:\/\/chacosintesis.com.ar\/index.php\/wp-json\/wp\/v2\/posts"}],"about":[{"href":"https:\/\/chacosintesis.com.ar\/index.php\/wp-json\/wp\/v2\/types\/post"}],"author":[{"embeddable":true,"href":"https:\/\/chacosintesis.com.ar\/index.php\/wp-json\/wp\/v2\/users\/1"}],"replies":[{"embeddable":true,"href":"https:\/\/chacosintesis.com.ar\/index.php\/wp-json\/wp\/v2\/comments?post=25071"}],"version-history":[{"count":0,"href":"https:\/\/chacosintesis.com.ar\/index.php\/wp-json\/wp\/v2\/posts\/25071\/revisions"}],"wp:featuredmedia":[{"embeddable":true,"href":"https:\/\/chacosintesis.com.ar\/index.php\/wp-json\/wp\/v2\/media\/25072"}],"wp:attachment":[{"href":"https:\/\/chacosintesis.com.ar\/index.php\/wp-json\/wp\/v2\/media?parent=25071"}],"wp:term":[{"taxonomy":"category","embeddable":true,"href":"https:\/\/chacosintesis.com.ar\/index.php\/wp-json\/wp\/v2\/categories?post=25071"},{"taxonomy":"post_tag","embeddable":true,"href":"https:\/\/chacosintesis.com.ar\/index.php\/wp-json\/wp\/v2\/tags?post=25071"}],"curies":[{"name":"wp","href":"https:\/\/api.w.org\/{rel}","templated":true}]}}