{"id":25069,"date":"2023-08-09T20:53:46","date_gmt":"2023-08-09T23:53:46","guid":{"rendered":"https:\/\/chacosintesis.com.ar\/?p=25069"},"modified":"2023-08-09T21:07:15","modified_gmt":"2023-08-10T00:07:15","slug":"feria-iberoamericana-del-libro-chaco-2023-habra-libros-a-mitad-de-precio","status":"publish","type":"post","link":"https:\/\/chacosintesis.com.ar\/index.php\/feria-iberoamericana-del-libro-chaco-2023-habra-libros-a-mitad-de-precio\/","title":{"rendered":"Feria Iberoamericana del Libro Chaco 2023: habr\u00e1 libros a mitad de precio"},"content":{"rendered":"<div class=\"postie-post\">El gran acontecimiento cultural, con una trayectoria de m\u00e1s de 15 a\u00f1os en la provincia se realizar\u00e1 en el Domo del Centenario. Es organizada por la Fundaci\u00f3n del Libro y la Cultura, la Municipalidad de Resistencia y el gobierno de la provincia.<br \/>\nEn Casa las Culturas, autoridades locales y representantes de editoriales y librer\u00edas concretaron la primera reuni\u00f3n para delinear detalles de lo que ser\u00e1 la edici\u00f3n 2023 de la Feria Iberoamericana del Libro Chaco (FILC). La Feria se realizar\u00e1 del 31 de agosto al 10 de septiembre en el Domo del Centenario de Resistencia, con entrada libre y gratuita. Entre los anuncios destacados vale mencionar el del ministro de Econom\u00eda, Santiago P\u00e9rez Pons, quien asegur\u00f3 que este a\u00f1o habr\u00e1 libros a mitad de precio.<br \/>\nTomando s\u00f3lo las mediciones de los \u00faltimos dos a\u00f1os de la Feria (2021 y 2022) han participado y disfrutado de propuestas gratuitas m\u00e1s de 200.000 personas. Continuando con esta l\u00ednea de trabajo, durante la reuni\u00f3n qued\u00f3 claro que el objetivo sigue siendo la promoci\u00f3n del libro y la lectura en todo el territorio. Por este motivo, este a\u00f1o tambi\u00e9n se ofrecer\u00e1n libros a mitad de precio, en un claro apoyo al fortalecimiento de las industrias culturales locales.<br \/>\nDurante la reuni\u00f3n estuvo presente el ministro de Planificaci\u00f3n, Econom\u00eda e Infraestructura, Santiago P\u00e9rez Pons; el ministro de Educaci\u00f3n, Aldo Lineras; el presidente del Instituto de Cultura del Chaco (ICCH), Francisco \u201cTete\u201d Romero; el vocal del ICCH, Alfredo Germignani; la directora de Industria Culturales del ICCH, Carolina Sampor; la diputada provincial Mariela Quir\u00f3s; entre otras y otros.<br \/>\nTambi\u00e9n cabe destacar que de la reuni\u00f3n participaron las librer\u00edas que este a\u00f1o formar\u00e1n parte del evento. \u201cHubo un rico intercambio de propuestas entre los distintos sectores para la producci\u00f3n y organizaci\u00f3n de la feria del libro; tambi\u00e9n se anunci\u00f3 y se confirm\u00f3 que habr\u00e1 libros al 50 por ciento\u201d, comentaron desde la organizaci\u00f3n.<br \/>\nLa FILC tiene una importancia cultural, social y comunitaria que, por su naturaleza, contempla la diversidad de voces, relatos y expresiones que nos caracterizan como pueblo. A su invaluable sentido pedag\u00f3gico se le agrega tambi\u00e9n el car\u00e1cter recreativo, econ\u00f3mico y de puesta en valor de nuestras y nuestros autores, investigadores, docentes, periodistas, y trabajadores.<br \/>\nConfirmaron su participaci\u00f3n en esta edici\u00f3n 2023: Librer\u00eda y editorial De La Paz, Librer\u00eda y papeler\u00eda Casa Garc\u00eda, Ediciones Paulinas, Librer\u00eda Las Ca\u00f1itas, Librer\u00eda El \u00c1rbol Amarillo, Editorial Eudene, Editorial Literatura Tropical, Editorial Uncaus, Editorial y Librer\u00eda Contexto, Fundaci\u00f3n del Libro y la Cultura, y Milka Libros.<br \/>\nUna Feria con trayectoria<br \/>\nLa FILC es un acontecimiento cultural con una trayectoria de m\u00e1s de 15 a\u00f1os en la provincia. Organizada por la Fundaci\u00f3n del Libro y la Cultura, la Municipalidad de Resistencia y el Gobierno de la provincia del Chaco, a trav\u00e9s del Instituto de Cultura y el Ministerio de Educaci\u00f3n, la FILC cuenta con la participaci\u00f3n activa de librer\u00edas y editoriales de Resistencia, promoviendo la venta y exhibici\u00f3n de sus libros, adem\u00e1s de presentaciones de sus \u00faltimos lanzamientos. Acompa\u00f1an su realizaci\u00f3n instituciones como la UNNE, UTN, UNCAUS, Fundaci\u00f3n Mempo Giardinelli, SADE filial Chaco, la C\u00e1mara Argentina del Libro y el Ministerio de Cultura de la Naci\u00f3n.<br \/>\nAdem\u00e1s, durante toda la Feria se contar\u00e1 con espacios y actividades dedicadas a las infancias, as\u00ed como tambi\u00e9n se llevar\u00e1n a cabo pr\u00e1cticas culturales accesibles organizadas junto a la Red de Accesibilidad Cultural.<br \/>\nDe este modo, durante once d\u00edas la FILC 2023 pondr\u00e1 en valor las expresiones literarias y art\u00edsticas de distintas provincias argentinas, convocando a pensar y a construir en clave intercultural y federal, desde el respeto a nuestras diversidades.<br \/>\nEsta Feria motiva el encuentro con autores y autoras, as\u00ed como tambi\u00e9n promueve espacios de formaci\u00f3n y capacitaci\u00f3n tanto para editores como para libreros de la regi\u00f3n.<\/div>\n","protected":false},"excerpt":{"rendered":"<p>El gran acontecimiento cultural, con una trayectoria de m\u00e1s de 15 a\u00f1os en la provincia se realizar\u00e1 en el Domo del Centenario. Es organizada por la Fundaci\u00f3n del Libro y la Cultura, la Municipalidad de Resistencia y el gobierno de la provincia. En Casa las Culturas, autoridades locales y representantes de editoriales y librer\u00edas concretaron [&hellip;]<\/p>\n","protected":false},"author":1,"featured_media":25070,"comment_status":"closed","ping_status":"closed","sticky":false,"template":"","format":"standard","meta":{"footnotes":""},"categories":[6],"tags":[],"class_list":{"0":"post-25069","1":"post","2":"type-post","3":"status-publish","4":"format-standard","5":"has-post-thumbnail","7":"category-chaco"},"_links":{"self":[{"href":"https:\/\/chacosintesis.com.ar\/index.php\/wp-json\/wp\/v2\/posts\/25069","targetHints":{"allow":["GET"]}}],"collection":[{"href":"https:\/\/chacosintesis.com.ar\/index.php\/wp-json\/wp\/v2\/posts"}],"about":[{"href":"https:\/\/chacosintesis.com.ar\/index.php\/wp-json\/wp\/v2\/types\/post"}],"author":[{"embeddable":true,"href":"https:\/\/chacosintesis.com.ar\/index.php\/wp-json\/wp\/v2\/users\/1"}],"replies":[{"embeddable":true,"href":"https:\/\/chacosintesis.com.ar\/index.php\/wp-json\/wp\/v2\/comments?post=25069"}],"version-history":[{"count":0,"href":"https:\/\/chacosintesis.com.ar\/index.php\/wp-json\/wp\/v2\/posts\/25069\/revisions"}],"wp:featuredmedia":[{"embeddable":true,"href":"https:\/\/chacosintesis.com.ar\/index.php\/wp-json\/wp\/v2\/media\/25070"}],"wp:attachment":[{"href":"https:\/\/chacosintesis.com.ar\/index.php\/wp-json\/wp\/v2\/media?parent=25069"}],"wp:term":[{"taxonomy":"category","embeddable":true,"href":"https:\/\/chacosintesis.com.ar\/index.php\/wp-json\/wp\/v2\/categories?post=25069"},{"taxonomy":"post_tag","embeddable":true,"href":"https:\/\/chacosintesis.com.ar\/index.php\/wp-json\/wp\/v2\/tags?post=25069"}],"curies":[{"name":"wp","href":"https:\/\/api.w.org\/{rel}","templated":true}]}}