{"id":25067,"date":"2023-08-09T20:48:31","date_gmt":"2023-08-09T23:48:31","guid":{"rendered":"https:\/\/chacosintesis.com.ar\/?p=25067"},"modified":"2023-08-09T21:07:10","modified_gmt":"2023-08-10T00:07:10","slug":"comenzaron-las-capacitaciones-de-los-operativos-de-evaluacion-aprender-y-dech-2023","status":"publish","type":"post","link":"https:\/\/chacosintesis.com.ar\/index.php\/comenzaron-las-capacitaciones-de-los-operativos-de-evaluacion-aprender-y-dech-2023\/","title":{"rendered":"Comenzaron las capacitaciones de los operativos de evaluaci\u00f3n &#8220;Aprender y DECh 2023&#8221;"},"content":{"rendered":"<div class=\"postie-post\">El director de Informaci\u00f3n Educativa y el Equipo del Departamento de Evaluaci\u00f3n Educativa iniciaron en la localidad de Tres Isletas el cronograma de capacitaciones.<br \/>\nEl Ministerio de Educaci\u00f3n del Chaco inici\u00f3 las capacitaciones de los operativos de evaluaci\u00f3n &#8220;Aprender y DECh 2023&#8221;. Comenz\u00f3 en Tres Isletas y se trata de un espacio de escucha para los y las docentes de la provincia. El director de Informaci\u00f3n Educativa y el Equipo del Departamento de Evaluaci\u00f3n Educativa iniciaron este martes en la localidad de Tres Isletas, el cronograma de capacitaciones.<br \/>\nLos destinatarios son directores regionales, supervisores, directores de escuelas veedores, coordinadores de cabeceras y docentes aplicadores que trabajan en los operativos. \u201cLas jornadas se constituyeron en un espacio de capacitaci\u00f3n pero tambi\u00e9n de escucha, de intercambios y debates en los cuales se responden dudas y adem\u00e1s surgen aportes interesantes para futuras propuestas de evaluaci\u00f3n\u201d, se\u00f1alaron desde la cartera.<br \/>\nSe trata de las pruebas Aprender a nivel nacional y el Dispositivo de Evaluaci\u00f3n Chaque\u00f1o que lleva adelante el Ministerio de Educaci\u00f3n. El censo, que ya se realiz\u00f3 el a\u00f1o pasado, alcanz\u00f3 en 2022 a 989 escuelas primarias y 400 escuelas secundarias, y adem\u00e1s de las asignaturas reglamentarias, evalu\u00f3 conocimientos en ESI, Derechos Humanos y Educaci\u00f3n Vial.<\/div>\n","protected":false},"excerpt":{"rendered":"<p>El director de Informaci\u00f3n Educativa y el Equipo del Departamento de Evaluaci\u00f3n Educativa iniciaron en la localidad de Tres Isletas el cronograma de capacitaciones. El Ministerio de Educaci\u00f3n del Chaco inici\u00f3 las capacitaciones de los operativos de evaluaci\u00f3n &#8220;Aprender y DECh 2023&#8221;. Comenz\u00f3 en Tres Isletas y se trata de un espacio de escucha para [&hellip;]<\/p>\n","protected":false},"author":1,"featured_media":25068,"comment_status":"closed","ping_status":"closed","sticky":false,"template":"","format":"standard","meta":{"footnotes":""},"categories":[6],"tags":[],"class_list":{"0":"post-25067","1":"post","2":"type-post","3":"status-publish","4":"format-standard","5":"has-post-thumbnail","7":"category-chaco"},"_links":{"self":[{"href":"https:\/\/chacosintesis.com.ar\/index.php\/wp-json\/wp\/v2\/posts\/25067","targetHints":{"allow":["GET"]}}],"collection":[{"href":"https:\/\/chacosintesis.com.ar\/index.php\/wp-json\/wp\/v2\/posts"}],"about":[{"href":"https:\/\/chacosintesis.com.ar\/index.php\/wp-json\/wp\/v2\/types\/post"}],"author":[{"embeddable":true,"href":"https:\/\/chacosintesis.com.ar\/index.php\/wp-json\/wp\/v2\/users\/1"}],"replies":[{"embeddable":true,"href":"https:\/\/chacosintesis.com.ar\/index.php\/wp-json\/wp\/v2\/comments?post=25067"}],"version-history":[{"count":0,"href":"https:\/\/chacosintesis.com.ar\/index.php\/wp-json\/wp\/v2\/posts\/25067\/revisions"}],"wp:featuredmedia":[{"embeddable":true,"href":"https:\/\/chacosintesis.com.ar\/index.php\/wp-json\/wp\/v2\/media\/25068"}],"wp:attachment":[{"href":"https:\/\/chacosintesis.com.ar\/index.php\/wp-json\/wp\/v2\/media?parent=25067"}],"wp:term":[{"taxonomy":"category","embeddable":true,"href":"https:\/\/chacosintesis.com.ar\/index.php\/wp-json\/wp\/v2\/categories?post=25067"},{"taxonomy":"post_tag","embeddable":true,"href":"https:\/\/chacosintesis.com.ar\/index.php\/wp-json\/wp\/v2\/tags?post=25067"}],"curies":[{"name":"wp","href":"https:\/\/api.w.org\/{rel}","templated":true}]}}