{"id":25065,"date":"2023-08-09T20:47:05","date_gmt":"2023-08-09T23:47:05","guid":{"rendered":"https:\/\/chacosintesis.com.ar\/?p=25065"},"modified":"2023-08-09T21:07:05","modified_gmt":"2023-08-10T00:07:05","slug":"jovenes-y-adultos-en-proceso-de-alfabetizacion-recibieron-utiles-escolares","status":"publish","type":"post","link":"https:\/\/chacosintesis.com.ar\/index.php\/jovenes-y-adultos-en-proceso-de-alfabetizacion-recibieron-utiles-escolares\/","title":{"rendered":"J\u00f3venes y adultos en proceso de alfabetizaci\u00f3n recibieron \u00fatiles escolares"},"content":{"rendered":"<div class=\"postie-post\">El Ministerio de Educaci\u00f3n de Chaco, a trav\u00e9s del Plan Provincial de Alfabetizaci\u00f3n, realiz\u00f3 la primera tanda de entrega de kits escolares y libro-cuadernos de apoyo pedag\u00f3gico. Actualmente hay en toda la provincia 5085 personas que est\u00e1n aprendiendo a leer y a escribir y todas recibir\u00e1n dichos elementos y materiales.<br \/>\nAutoridades del Ministerio de Educaci\u00f3n de la provincia, estuvieron en la ma\u00f1ana del mi\u00e9rcoles 9, en Colonia Ben\u00edtez, donde concretaron la primera entrega de \u00fatiles escolares y del \u201cLibro Chaque\u00f1o de Alfabetizaci\u00f3n para J\u00f3venes y Adultos\u201d, que fue elaborado el a\u00f1o pasado como apoyo pedag\u00f3gico para las y los alfabetizadores.<br \/>\nEl acto de entrega, realizados en el Centro Integral Comunitario (CIC) de la localidad, fue encabezado por el ministro de Educaci\u00f3n, Aldo Lineras, quien manifest\u00f3 su alegr\u00eda &#8220;de poder compartir estas acciones con nuestros equipos, en un espacio que llamamos la educaci\u00f3n no formal, donde se inscribe esta iniciativa, del cual forman parte los alfabetizadores y quienes se van a alfabetizar\u201d.<br \/>\nEl funcionario destac\u00f3 adem\u00e1s que \u201ces el primer recorrido, porque lo que queremos es inscribirlos e inscribirlas (a las y los alfabetizandos) en la educaci\u00f3n formal\u201d. Asimismo, destac\u00f3 el compromiso de los coordinadores y alfabetizadores de este plan provincial, asegurando que desde la gesti\u00f3n tambi\u00e9n est\u00e1 el compromiso de tener al d\u00eda todas las cuestiones administrativas.<br \/>\nTambi\u00e9n acompa\u00f1aron este acto el intendente de la localidad, Sergio Phipps; la subsecretaria de Educaci\u00f3n, Ludmila Pellegrini; la coordinadora del Gabinete Educativo, Mar\u00eda Phipps; la coordinadora del Plan Provincial de Alfabetizaci\u00f3n, Palmira Sotelo; y la directora de la Regional Educativa 10 C, Gricelda Quiles.<br \/>\nPor su parte, el intendente Sergio Phipps agradeci\u00f3 la presencia de autoridades y de alfabetizadores, y por la entrega de libros del Plan de Alfabetizaci\u00f3n, destacando que \u201cel Estado est\u00e1 presente en cada rinc\u00f3n de nuestra provincia a trav\u00e9s de un Gobierno provincial, de un Ministerio de Educaci\u00f3n que lleva adelante este tipo de pol\u00edticas p\u00fablicas que, sin lugar a dudas, son las que nos dan la posibilidad de que la educaci\u00f3n sea la herramienta que brinda la posibilidad a todos y a todas para incluirnos y tener un abanico de posibilidades que nos da nuestra sociedad\u201d.<br \/>\nUnas 5.085 personas en proceso, el 60% mujeres<br \/>\nAsimismo, la coordinadora del Plan Provincial de Alfabetizaci\u00f3n, Palmira Sotelo, se\u00f1al\u00f3 que \u201ceste Plan obedece a la Ley 1237-E y atiende las necesidades de todas las personas que han quedado fuera del sistema educativo&#8221;. &#8220;Generalmente son adultos mayores, tambi\u00e9n algunos j\u00f3venes que han abandonado la escuela primaria y no aprendieron a leer y escribir, lo cual es un derecho humano que el Gobierno del Chaco no va a dejar de asistir\u201d, asever\u00f3.<br \/>\nSotelo precis\u00f3 que los kits escolares &#8220;se van a repartir en todas las localidades donde hay alfabetizadores\u201d, recordando que en este momento son 567, atendiendo a 5.085 alfabetizandos (un 60% son mujeres). \u201cTenemos una poblaci\u00f3n del 27% que corresponde a los pueblos ind\u00edgenas, y de ese 27% la mayor\u00eda es pueblo qom. Estamos llegando a todas las regiones educativas de la provincia del Chaco y estamos felices de poder atender esta necesidad y derecho\u201d, asegur\u00f3 la funcionaria.<br \/>\nSotelo explic\u00f3 que el libro entregado es un libro-cuaderno; &#8220;en \u00e9l hay un proceso completo de alfabetizaci\u00f3n de personas adultas y tiene diferentes signos y s\u00edmbolos que atienden a que las personas puedan estructurar su alfabetizaci\u00f3n por medio de los procesos de lectura y escritura, siempre respetando la cultura de todos los adultos. Sabemos que todos los adultos tienen conocimientos y partimos de ellos, para que la alfabetizaci\u00f3n sea un \u00e9xito\u201d.<br \/>\nPor otro lado, la docente y alfabetizadora de Colonia Ben\u00edtez, Iris Davies, detall\u00f3 sobre la misi\u00f3n que tiene a su cargo, relatando: \u201cVisitamos casa por casa, sumamos personas, a veces es dif\u00edcil llegar a los lugares e intentar o lograr que esas personas tengan el tiempo para poder atendernos en sus hogares para las clases o que puedan asistir a las mismas, pero con mucho esfuerzo lo hacemos. Es muy placentero poder trabajar con cada persona, y estos kits son muy necesarios para nuestra tarea diaria. Las personas que estoy alfabetizando est\u00e1n muy contentas con este material\u201d, afirm\u00f3.<\/div>\n","protected":false},"excerpt":{"rendered":"<p>El Ministerio de Educaci\u00f3n de Chaco, a trav\u00e9s del Plan Provincial de Alfabetizaci\u00f3n, realiz\u00f3 la primera tanda de entrega de kits escolares y libro-cuadernos de apoyo pedag\u00f3gico. Actualmente hay en toda la provincia 5085 personas que est\u00e1n aprendiendo a leer y a escribir y todas recibir\u00e1n dichos elementos y materiales. Autoridades del Ministerio de Educaci\u00f3n [&hellip;]<\/p>\n","protected":false},"author":1,"featured_media":25066,"comment_status":"closed","ping_status":"closed","sticky":false,"template":"","format":"standard","meta":{"footnotes":""},"categories":[6],"tags":[],"class_list":{"0":"post-25065","1":"post","2":"type-post","3":"status-publish","4":"format-standard","5":"has-post-thumbnail","7":"category-chaco"},"_links":{"self":[{"href":"https:\/\/chacosintesis.com.ar\/index.php\/wp-json\/wp\/v2\/posts\/25065","targetHints":{"allow":["GET"]}}],"collection":[{"href":"https:\/\/chacosintesis.com.ar\/index.php\/wp-json\/wp\/v2\/posts"}],"about":[{"href":"https:\/\/chacosintesis.com.ar\/index.php\/wp-json\/wp\/v2\/types\/post"}],"author":[{"embeddable":true,"href":"https:\/\/chacosintesis.com.ar\/index.php\/wp-json\/wp\/v2\/users\/1"}],"replies":[{"embeddable":true,"href":"https:\/\/chacosintesis.com.ar\/index.php\/wp-json\/wp\/v2\/comments?post=25065"}],"version-history":[{"count":0,"href":"https:\/\/chacosintesis.com.ar\/index.php\/wp-json\/wp\/v2\/posts\/25065\/revisions"}],"wp:featuredmedia":[{"embeddable":true,"href":"https:\/\/chacosintesis.com.ar\/index.php\/wp-json\/wp\/v2\/media\/25066"}],"wp:attachment":[{"href":"https:\/\/chacosintesis.com.ar\/index.php\/wp-json\/wp\/v2\/media?parent=25065"}],"wp:term":[{"taxonomy":"category","embeddable":true,"href":"https:\/\/chacosintesis.com.ar\/index.php\/wp-json\/wp\/v2\/categories?post=25065"},{"taxonomy":"post_tag","embeddable":true,"href":"https:\/\/chacosintesis.com.ar\/index.php\/wp-json\/wp\/v2\/tags?post=25065"}],"curies":[{"name":"wp","href":"https:\/\/api.w.org\/{rel}","templated":true}]}}