{"id":25059,"date":"2023-08-09T20:41:33","date_gmt":"2023-08-09T23:41:33","guid":{"rendered":"https:\/\/chacosintesis.com.ar\/?p=25059"},"modified":"2023-08-09T21:06:51","modified_gmt":"2023-08-10T00:06:51","slug":"capitanich-inauguro-obras-para-el-desarrollo-comunitario-de-presidencia-de-la-plaza","status":"publish","type":"post","link":"https:\/\/chacosintesis.com.ar\/index.php\/capitanich-inauguro-obras-para-el-desarrollo-comunitario-de-presidencia-de-la-plaza\/","title":{"rendered":"Capitanich inaugur\u00f3 obras para el desarrollo comunitario de Presidencia de la Plaza"},"content":{"rendered":"<div class=\"postie-post\">Ahora la comunidad cuenta con un nuevo centro de atenci\u00f3n primaria de la salud, 12 cuadras de pavimento urbano, un espacio deportivo y sal\u00f3n para la EES N\u00b0 176. \u201cEstas inversiones son pol\u00edticas p\u00fablicas que promueven derechos\u201d, apunt\u00f3.<br \/>\nEn Presidencia de la Plaza, el gobernador Jorge Capitanich inaugur\u00f3, este mi\u00e9rcoles junto al intendente Diego Bernachea, un centro de salud, 12 cuadras de pavimento urbano, un play\u00f3n deportivo y el sal\u00f3n de usos m\u00faltiples de la EES N\u00b0 176, con una inversi\u00f3n superior a los $578.000.000. \u201cLo que estamos haciendo en Plaza constituye una verdadera reparaci\u00f3n hist\u00f3rica para esta ciudad que tiene m\u00e1s de 100 a\u00f1os de vida\u201d, subray\u00f3. \u201cEn estos tiempos muchos hablan del cambio, lo que realmente cambia la vida de la gente son las obras que se inauguran y los derechos que se ampl\u00edan\u201d, agreg\u00f3.<br \/>\nEn primer lugar, acompa\u00f1ado por la ministra de Salud Carolina Centeno, el mandatario habilit\u00f3 el centro de salud \u201cMar\u00eda Safenraiter Brendel\u201d, ubicado en la zona Norte de la localidad. La obra, que demand\u00f3 una inversi\u00f3n de $14.012.509 con financiamiento del Plan \u201cArgentina Hace\u201d y el Municipio, consta de consultorios, sector de enfermer\u00eda, vacunaci\u00f3n, cocina y sala de espera con su respectivo amoblamiento.<br \/>\nLuego, habilit\u00f3 las obras de cerramiento del tinglado de la EES N\u00b0 176 \u201cLibertador General Jos\u00e9 de San Mart\u00edn\u201d cuya inversi\u00f3n fue de $5.700.000 y se ejecut\u00f3 mediante convenio entre el Municipio y el Ministerio de Econom\u00eda. \u201cPromover el deporte es promover la inclusi\u00f3n social, alejarse de los consumos problem\u00e1ticos y promover la salud previniendo enfermedades cr\u00f3nicas\u201d, subray\u00f3 el mandatario.<br \/>\nLa obra consisti\u00f3 en el cerramiento del tinglado anexo al colegio secundario, y su readecuaci\u00f3n con portones, luminarias, jirafas, tableros y arcos, para convertirlo no s\u00f3lo en un lugar destinado a la educaci\u00f3n f\u00edsica, sino tambi\u00e9n en un sal\u00f3n de usos m\u00faltiples para actos y eventos culturales. La nueva infraestructura cuenta adem\u00e1s con todo el equipamiento necesario para la pr\u00e1ctica de m\u00faltiples disciplinas.<br \/>\nFinalmente, el gobernador habilit\u00f3 las cuadras de pavimento, cuyo presupuesto fue de $559.281.158 con financiamiento del Ministerio de Planificaci\u00f3n, Econom\u00eda e Infraestructura. \u201cCon Diego Bernachea en la intendencia hemos duplicado el nivel de construcci\u00f3n de pavimento urbano de toda la historia de Presidencia La Plaza\u201d, apunt\u00f3. Adem\u00e1s record\u00f3 algunas de las tantas obras habilitadas en la comuna durante sus distintas gestiones, como el Centro de Integraci\u00f3n y Fortalecimiento Familiar (CIFF), la readecuaci\u00f3n de la escuela t\u00e9cnica, la refacci\u00f3n integral del hospital, registro civil, ruta 7 y alumbrado p\u00fablico.<br \/>\n\u201cHemos hecho much\u00edsimas obras de infraestructura en todas las \u00e1reas; se trata de pol\u00edticas p\u00fablicas que promueven derechos\u201d; remarc\u00f3. Durante su visita a la comuna recorri\u00f3 adem\u00e1s las obras de la Terminal de \u00d3mnibus que estar\u00eda concluida en 60 d\u00edas aproximadamente y viviendas que podr\u00edan ser habilitadas en un plazo de 15 d\u00edas.<br \/>\nDe las actividades participaron la directora regional de Educaci\u00f3n Silvia Frete, el director de la EES N\u00b0 176 Nelson Sena, y la directora del hospital local y encargada del nuevo Centro de Salud Nancy G\u00f3mez, entre otros.<br \/>\nEquipamiento sanitario<br \/>\nLa ministra Centeno destac\u00f3 la importancia del nuevo servicio sanitario habilitado que contar\u00e1 adem\u00e1s con equipamiento provisto por la Provincia con una inversi\u00f3n de cinco millones de pesos. \u201cContar\u00e1 con atenci\u00f3n m\u00e9dica profesional a partir de esquemas itinerantes; se fortalecer\u00e1 la promoci\u00f3n de la salud y prevenci\u00f3n de enfermedades, adem\u00e1s del control del ni\u00f1o sano, colocaci\u00f3n de vacunas, control del embarazo y entrega de leche\u201d, precis\u00f3 la funcionaria.<br \/>\nAcompa\u00f1amiento provincial<br \/>\nEl intendente Bernachea agradeci\u00f3 el acompa\u00f1amiento del Estado provincial para concretar las obras que la comunidad necesita. \u201cHicimos mucho, estamos haciendo y seguiremos ejecutando muchas m\u00e1s obras de la mano de Capitanich\u201d, apunt\u00f3. Destac\u00f3 la construcci\u00f3n del centro de salud en la zona Norte de la comuna y precis\u00f3 que en esa misma zona se habilit\u00f3 antes una escuela primaria, secundaria, el CIFF, un jard\u00edn y se construye actualmente un establecimiento de Educaci\u00f3n Especial.<br \/>\n\u201cLa obra del SUM en la escuela era una necesidad imperiosa no s\u00f3lo para las y los alumnos sino para toda la comunidad que podr\u00e1 disponer de este espacio tambi\u00e9n; estamos muy agradecidos, a\u00f1adi\u00f3 y advirti\u00f3 que nada de lo ejecutado hubiese sido posible sin el acompa\u00f1amiento del gobernador Capitanich.<br \/>\nEn la ocasi\u00f3n, Hilda Duarte, una de las vecinas beneficiadas por el pavimento, celebr\u00f3 la iniciativa del gobierno provincial. \u201cHace m\u00e1s de 35 a\u00f1os que vivo aqu\u00ed; estoy muy emocionada porque esta obra significa un gran cambio para mi barrio\u201d, expres\u00f3.<\/div>\n","protected":false},"excerpt":{"rendered":"<p>Ahora la comunidad cuenta con un nuevo centro de atenci\u00f3n primaria de la salud, 12 cuadras de pavimento urbano, un espacio deportivo y sal\u00f3n para la EES N\u00b0 176. \u201cEstas inversiones son pol\u00edticas p\u00fablicas que promueven derechos\u201d, apunt\u00f3. En Presidencia de la Plaza, el gobernador Jorge Capitanich inaugur\u00f3, este mi\u00e9rcoles junto al intendente Diego Bernachea, [&hellip;]<\/p>\n","protected":false},"author":1,"featured_media":25060,"comment_status":"closed","ping_status":"closed","sticky":false,"template":"","format":"standard","meta":{"footnotes":""},"categories":[6],"tags":[],"class_list":{"0":"post-25059","1":"post","2":"type-post","3":"status-publish","4":"format-standard","5":"has-post-thumbnail","7":"category-chaco"},"_links":{"self":[{"href":"https:\/\/chacosintesis.com.ar\/index.php\/wp-json\/wp\/v2\/posts\/25059","targetHints":{"allow":["GET"]}}],"collection":[{"href":"https:\/\/chacosintesis.com.ar\/index.php\/wp-json\/wp\/v2\/posts"}],"about":[{"href":"https:\/\/chacosintesis.com.ar\/index.php\/wp-json\/wp\/v2\/types\/post"}],"author":[{"embeddable":true,"href":"https:\/\/chacosintesis.com.ar\/index.php\/wp-json\/wp\/v2\/users\/1"}],"replies":[{"embeddable":true,"href":"https:\/\/chacosintesis.com.ar\/index.php\/wp-json\/wp\/v2\/comments?post=25059"}],"version-history":[{"count":0,"href":"https:\/\/chacosintesis.com.ar\/index.php\/wp-json\/wp\/v2\/posts\/25059\/revisions"}],"wp:featuredmedia":[{"embeddable":true,"href":"https:\/\/chacosintesis.com.ar\/index.php\/wp-json\/wp\/v2\/media\/25060"}],"wp:attachment":[{"href":"https:\/\/chacosintesis.com.ar\/index.php\/wp-json\/wp\/v2\/media?parent=25059"}],"wp:term":[{"taxonomy":"category","embeddable":true,"href":"https:\/\/chacosintesis.com.ar\/index.php\/wp-json\/wp\/v2\/categories?post=25059"},{"taxonomy":"post_tag","embeddable":true,"href":"https:\/\/chacosintesis.com.ar\/index.php\/wp-json\/wp\/v2\/tags?post=25059"}],"curies":[{"name":"wp","href":"https:\/\/api.w.org\/{rel}","templated":true}]}}