{"id":25055,"date":"2023-08-09T20:37:27","date_gmt":"2023-08-09T23:37:27","guid":{"rendered":"https:\/\/chacosintesis.com.ar\/?p=25055"},"modified":"2023-08-09T21:06:41","modified_gmt":"2023-08-10T00:06:41","slug":"vilela-vamos-a-sumar-15-kilometros-mas-de-autovia-a-la-provincia-del-chaco-llegando-casi-a-los-80-kilometros","status":"publish","type":"post","link":"https:\/\/chacosintesis.com.ar\/index.php\/vilela-vamos-a-sumar-15-kilometros-mas-de-autovia-a-la-provincia-del-chaco-llegando-casi-a-los-80-kilometros\/","title":{"rendered":"Vilela: \u201cVamos a sumar 15 kil\u00f3metros m\u00e1s de autov\u00eda a la provincia del Chaco, llegando casi a los 80 kil\u00f3metros\u201d"},"content":{"rendered":"<div class=\"postie-post\">La arquitecta y jefa del 18\u00ba Distrito de Vialidad Nacional habl\u00f3 sobre la presentaci\u00f3n del proyecto del segundo puente Chaco-Corrientes y se refiri\u00f3 al trabajo en materia obras y proyectos, adem\u00e1s del permanente mantenimiento de las rutas.<br \/>\nAlejandra Vilela, jefa del 18\u00ba Distrito de Vialidad Nacional, dialog\u00f3 con Radio Provincia del Chaco sobre la presentaci\u00f3n del proyecto del segundo puente que unir\u00e1 a la provincia con Corrientes, la cual se realizar\u00e1 el 16 y 17, en Corrientes y Chaco respectivamente, teniendo lugar en nuestra provincia en el Sal\u00f3n de Reuniones de Vialidad Provincial a partir de las 10. Asimismo, tambi\u00e9n se refiri\u00f3 a las obras y al mantenimiento de las rutas que se est\u00e1n realizando en la provincia.<br \/>\nEn este sentido, Vilela expres\u00f3: \u201cEstamos anunciando la apertura de un espacio participativo de partes interesadas que organiza Vialidad Nacional, tanto en el distrito Chaco como en el distrito Corrientes, sobre esta obra tan anhelada y tan so\u00f1ada por toda la regi\u00f3n\u201d. Asimismo, agreg\u00f3: \u201cLa idea es exponer los aspectos del proyecto, tanto t\u00e9cnicos como socioambientales, frente a la comunidad, frente a las partes interesadas\u201d.<br \/>\nSiguiendo por esta misma l\u00ednea, la arquitecta aclar\u00f3 que la participaci\u00f3n puede ser tanto presencial como virtual, teniendo en ambos casos que realizar una inscripci\u00f3n previa. \u201cEsta inscripci\u00f3n previa se hace en la p\u00e1gina de Vialidad Nacional, espacios participativos, all\u00ed van a encontrar la consulta de partes interesadas de la conexi\u00f3n f\u00edsica a segundo puente y simplemente se entra al enlace y se inscribe\u201d, detall\u00f3.<br \/>\nPor otra parte, habl\u00f3 sobre el trabajo que se est\u00e1 realizando en materia de obras. \u201cPermanentemente el distrito trabaja en la administraci\u00f3n y en el mantenimiento de las rutas. Tambi\u00e9n seguimos trabajando en la elaboraci\u00f3n de proyectos para licitaci\u00f3n de obras nuevas\u201d, coment\u00f3 Vilela. En ese sentido, a\u00f1adi\u00f3: \u201cEl viernes pasado se public\u00f3 la licitaci\u00f3n de un tramo m\u00e1s de duplicaci\u00f3n de la autov\u00eda de la Ruta 16, es una obra de duplicaci\u00f3n de calzada desde Macall\u00e9 hasta la intersecci\u00f3n con la Ruta Provincial 9, el acceso a La escondida\u201d.<br \/>\n\u201cVamos a sumar 15 kil\u00f3metros m\u00e1s de autov\u00eda a la provincia del Chaco, llegando casi a los 80 kil\u00f3metros de autov\u00eda, con iluminaciones e intersecciones en los accesos a las distintas localidades y accesos a rutas y a rutas provinciales\u201d, continu\u00f3 explicando la arquitecta. Adem\u00e1s, explic\u00f3 que se espera comenzar la obra en este 2023 ya que la apertura de la licitaci\u00f3n es el 15 de septiembre. \u201cTodas estas gestiones llevan trabajo previo, estudios previos, decisiones presupuestarias, decisiones financieras y un acompa\u00f1amiento t\u00e9cnico que a veces tiene sus dificultades, pero las obras, por suerte, se van licitando y seguramente van a ver concretadas muy pronto\u201d, concluy\u00f3.<\/div>\n","protected":false},"excerpt":{"rendered":"<p>La arquitecta y jefa del 18\u00ba Distrito de Vialidad Nacional habl\u00f3 sobre la presentaci\u00f3n del proyecto del segundo puente Chaco-Corrientes y se refiri\u00f3 al trabajo en materia obras y proyectos, adem\u00e1s del permanente mantenimiento de las rutas. Alejandra Vilela, jefa del 18\u00ba Distrito de Vialidad Nacional, dialog\u00f3 con Radio Provincia del Chaco sobre la presentaci\u00f3n [&hellip;]<\/p>\n","protected":false},"author":1,"featured_media":25056,"comment_status":"closed","ping_status":"closed","sticky":false,"template":"","format":"standard","meta":{"footnotes":""},"categories":[6],"tags":[],"class_list":{"0":"post-25055","1":"post","2":"type-post","3":"status-publish","4":"format-standard","5":"has-post-thumbnail","7":"category-chaco"},"_links":{"self":[{"href":"https:\/\/chacosintesis.com.ar\/index.php\/wp-json\/wp\/v2\/posts\/25055","targetHints":{"allow":["GET"]}}],"collection":[{"href":"https:\/\/chacosintesis.com.ar\/index.php\/wp-json\/wp\/v2\/posts"}],"about":[{"href":"https:\/\/chacosintesis.com.ar\/index.php\/wp-json\/wp\/v2\/types\/post"}],"author":[{"embeddable":true,"href":"https:\/\/chacosintesis.com.ar\/index.php\/wp-json\/wp\/v2\/users\/1"}],"replies":[{"embeddable":true,"href":"https:\/\/chacosintesis.com.ar\/index.php\/wp-json\/wp\/v2\/comments?post=25055"}],"version-history":[{"count":0,"href":"https:\/\/chacosintesis.com.ar\/index.php\/wp-json\/wp\/v2\/posts\/25055\/revisions"}],"wp:featuredmedia":[{"embeddable":true,"href":"https:\/\/chacosintesis.com.ar\/index.php\/wp-json\/wp\/v2\/media\/25056"}],"wp:attachment":[{"href":"https:\/\/chacosintesis.com.ar\/index.php\/wp-json\/wp\/v2\/media?parent=25055"}],"wp:term":[{"taxonomy":"category","embeddable":true,"href":"https:\/\/chacosintesis.com.ar\/index.php\/wp-json\/wp\/v2\/categories?post=25055"},{"taxonomy":"post_tag","embeddable":true,"href":"https:\/\/chacosintesis.com.ar\/index.php\/wp-json\/wp\/v2\/tags?post=25055"}],"curies":[{"name":"wp","href":"https:\/\/api.w.org\/{rel}","templated":true}]}}