{"id":25047,"date":"2023-08-09T20:26:20","date_gmt":"2023-08-09T23:26:20","guid":{"rendered":"https:\/\/chacosintesis.com.ar\/?p=25047"},"modified":"2023-08-09T20:36:59","modified_gmt":"2023-08-09T23:36:59","slug":"los-operativos-en-las-calles-continuaran-durante-todo-agosto-confirmo-chapo","status":"publish","type":"post","link":"https:\/\/chacosintesis.com.ar\/index.php\/los-operativos-en-las-calles-continuaran-durante-todo-agosto-confirmo-chapo\/","title":{"rendered":"\u201cLos operativos en las calles continuar\u00e1n durante todo agosto\u201d, confirm\u00f3 Chapo"},"content":{"rendered":"<div class=\"postie-post\">Adelant\u00f3 que el viernes se informar\u00e1n las medidas de seguridad que se llevar\u00e1n adelante para garantizar el normal desarrollo de las elecciones PASO nacionales del domingo.<br \/>\nEl vocero oficial Juan Manuel Chapo ofreci\u00f3 este mi\u00e9rcoles su habitual conferencia de prensa, instancia en la que dio detalles de la agenda del gobernador y profundiz\u00f3 acerca de distintos temas de actualidad.<br \/>\nEntre otras cuestiones, el portavoz hizo menci\u00f3n a los distintos operativos callejeros con despliegue adicional de fuerzas policiales que el gobierno ejecuta en el marco de la Emergencia en Seguridad P\u00fablica decretada recientemente por el Poder Ejecutivo.<br \/>\n\u201cAyer y como viene sucediendo en estos \u00faltimos d\u00edas, se implementaron dispositivos en Resistencia, Presidencia Roque S\u00e1enz Pe\u00f1a, Barranqueras y Fontana\u201d, explic\u00f3 Chapo.<br \/>\nEl vocero confirm\u00f3 adem\u00e1s que ese tipo de operativos, que incluyen a efectivos de la Polic\u00eda del Chaco y de fuerzas federales, continuar\u00e1n a lo largo de agosto.<br \/>\n\u201cEl despliegue de efectivos en las calles de las principales ciudades es el resultado de la decisi\u00f3n del gobernador Jorge Capitanich de avanzar en un esquema integral de seguridad p\u00fablica\u201d, precis\u00f3.<br \/>\n\u201cEsto se puso en marcha a partir de recabar inquietudes de la ciudadan\u00eda en las sucesivas reuniones que el mandatario tuvo en las \u00faltimas semanas, de las cuales surgi\u00f3 claramente la preocupaci\u00f3n de vecinas y vecinos por este tema\u201d, ampli\u00f3.<br \/>\nEl portavoz tambi\u00e9n indic\u00f3 que este plan incluye -adem\u00e1s de los operativos urbanos diarios- la incorporaci\u00f3n de tecnolog\u00eda y equipamiento por parte de la Polic\u00eda del Chaco.<br \/>\n\u201cLos operativos en las calles continuar\u00e1n durante todo agosto, en el marco de la Emergencia en Seguridad Ciudadana y con respaldo de fuerzas federales\u201d, insisti\u00f3.<\/p>\n<p>Agenda oficial y actualidad<br \/>\nPor otra parte, Chapo adelant\u00f3 en la conferencia de prensa que brindar\u00e1 el viernes se dar\u00e1n a conocer detalles del despliegue en materia de seguridad que el gobierno implementar\u00e1 para garantizar un normal desarrollo de las elecciones primarias nacionales del domingo 13 de agosto.<br \/>\n\u201cComo sucede en todo acto electoral, se realizar\u00e1n los operativos pertinentes por parte de la Polic\u00eda del Chaco y, al tratarse de unas PASO de car\u00e1cter nacional, habr\u00e1 colaboraci\u00f3n de fuerzas federales\u201d, indic\u00f3.<br \/>\nEn otro orden de cosas, el vocero ratific\u00f3 la \u201cvocaci\u00f3n y voluntad\u201d de di\u00e1logo del gobernador Capitanich en torno a una posible reuni\u00f3n con Gloria Romero, madre de Cecilia Strzyzowski.<br \/>\n\u201cEsperamos el transcurso de esta jornada la posibilidad de la reuni\u00f3n de la que hab\u00eda mencionado la propia se\u00f1ora Romero y para la cual el gobernador no ha variado en cuanto a su voluntad y vocaci\u00f3n de di\u00e1logo y de mantener un encuentro\u201d, remarc\u00f3.<br \/>\nFinalmente, el portavoz dio detalles de la agenda que Capitanich protagonizar\u00e1 este jueves 10 y que incluye actividades en Resistencia y distintas ciudades del interior.<br \/>\nEn primer lugar, en la capital provincial, el mandatario encabezar\u00e1 el llamado a licitaci\u00f3n de las obras de refacci\u00f3n de la Escuela 343 de Presidencia Roque S\u00e1enz Pe\u00f1a; para luego participar del 111\u00b0aniversario de la creaci\u00f3n de la Fuerza A\u00e9rea Argentina.<br \/>\nM\u00e1s tarde, ya en Las Garcitas, el gobernador tomar\u00e1 parte del acto por el 78\u00b0 aniversario de esa ciudad, d\u00f3nde inaugurar\u00e1 la ampliaci\u00f3n de la comisar\u00eda local, pavimento urbano y el frigor\u00edfico municipal.<br \/>\nA continuaci\u00f3n, se trasladar\u00e1 a Pampa del Indio, ciudad que tambi\u00e9n festeja este viernes su aniversario, en este caso el n\u00famero 76, con la habilitaci\u00f3n de diferentes obras: un Centro de Atenci\u00f3n Primaria de la Salud (Caps), pavimento urbano, refacciones en una capilla y un mercado popular.<br \/>\n\u201cC\u00f3mo se puede apreciar, ser\u00e1 una jornada intensa con una enorme cantidad de obras nuevas para la comunidad y que tienen como objetivo primordial mejorar las condiciones de vida de las vecinas y los vecinos\u201d, finaliz\u00f3 Chapo.<\/p><\/div>\n","protected":false},"excerpt":{"rendered":"<p>Adelant\u00f3 que el viernes se informar\u00e1n las medidas de seguridad que se llevar\u00e1n adelante para garantizar el normal desarrollo de las elecciones PASO nacionales del domingo. El vocero oficial Juan Manuel Chapo ofreci\u00f3 este mi\u00e9rcoles su habitual conferencia de prensa, instancia en la que dio detalles de la agenda del gobernador y profundiz\u00f3 acerca de [&hellip;]<\/p>\n","protected":false},"author":1,"featured_media":25048,"comment_status":"closed","ping_status":"closed","sticky":false,"template":"","format":"standard","meta":{"footnotes":""},"categories":[6],"tags":[],"class_list":{"0":"post-25047","1":"post","2":"type-post","3":"status-publish","4":"format-standard","5":"has-post-thumbnail","7":"category-chaco"},"_links":{"self":[{"href":"https:\/\/chacosintesis.com.ar\/index.php\/wp-json\/wp\/v2\/posts\/25047","targetHints":{"allow":["GET"]}}],"collection":[{"href":"https:\/\/chacosintesis.com.ar\/index.php\/wp-json\/wp\/v2\/posts"}],"about":[{"href":"https:\/\/chacosintesis.com.ar\/index.php\/wp-json\/wp\/v2\/types\/post"}],"author":[{"embeddable":true,"href":"https:\/\/chacosintesis.com.ar\/index.php\/wp-json\/wp\/v2\/users\/1"}],"replies":[{"embeddable":true,"href":"https:\/\/chacosintesis.com.ar\/index.php\/wp-json\/wp\/v2\/comments?post=25047"}],"version-history":[{"count":0,"href":"https:\/\/chacosintesis.com.ar\/index.php\/wp-json\/wp\/v2\/posts\/25047\/revisions"}],"wp:featuredmedia":[{"embeddable":true,"href":"https:\/\/chacosintesis.com.ar\/index.php\/wp-json\/wp\/v2\/media\/25048"}],"wp:attachment":[{"href":"https:\/\/chacosintesis.com.ar\/index.php\/wp-json\/wp\/v2\/media?parent=25047"}],"wp:term":[{"taxonomy":"category","embeddable":true,"href":"https:\/\/chacosintesis.com.ar\/index.php\/wp-json\/wp\/v2\/categories?post=25047"},{"taxonomy":"post_tag","embeddable":true,"href":"https:\/\/chacosintesis.com.ar\/index.php\/wp-json\/wp\/v2\/tags?post=25047"}],"curies":[{"name":"wp","href":"https:\/\/api.w.org\/{rel}","templated":true}]}}