{"id":25043,"date":"2023-08-09T20:20:47","date_gmt":"2023-08-09T23:20:47","guid":{"rendered":"https:\/\/chacosintesis.com.ar\/?p=25043"},"modified":"2023-08-09T20:36:49","modified_gmt":"2023-08-09T23:36:49","slug":"capitanich-delineo-una-agenda-de-trabajo-con-autoridades-del-club-social-y-del-fogon-de-los-arrieros","status":"publish","type":"post","link":"https:\/\/chacosintesis.com.ar\/index.php\/capitanich-delineo-una-agenda-de-trabajo-con-autoridades-del-club-social-y-del-fogon-de-los-arrieros\/","title":{"rendered":"Capitanich deline\u00f3 una agenda de trabajo con autoridades del Club Social y del Fog\u00f3n de los Arrieros"},"content":{"rendered":"<div class=\"postie-post\">En ambos encuentros, trabajaron sobre la importancia de preservaci\u00f3n de estos espacios culturales, la ejecuci\u00f3n de obras de mantenimiento en materia de infraestructura, la puesta en marcha de programas culturales, y una agenda de compromisos con ambas instituciones.<br \/>\nEl gobernador Jorge Capitanich mantuvo una reuni\u00f3n con referentes del Club Social de Resistencia y luego, con referentes de la Comisi\u00f3n Directiva del Fog\u00f3n de los Arrieros. En ambos encuentros, trabajaron sobre la importancia de preservaci\u00f3n de estos espacios culturales, la ejecuci\u00f3n de obras de mantenimiento en materia de infraestructura, la puesta en marcha de programas culturales, y una agenda de compromisos con ambas instituciones. \u201cEstamos muy comprometidos con ambos espacios, porque son expresiones de la cultura, de la sociedad y del arte chaque\u00f1o, de manera que es muy importante trabajar con ellos\u201d, dijo Capitanich, quien estuvo acompa\u00f1ado en ambos encuentros por el vicepresidente del Instituto de Turismo, Mauro Flores. En primer lugar, el mandatario se reuni\u00f3 con los referentes del Club Social, y analizaron acciones y proyectos para mantener este espacio que cuenta con m\u00e1s de 110 a\u00f1os de historia y que es considerado Patrimonio Cultural del Chaco. Tambi\u00e9n, abordaron la oferta cultural que se promueve desde el Club (cine, m\u00fasica, exposiciones, entre otros), Feria de Arte y plantearon la necesidad de trabajar articuladamente esta agenda con el Estado Provincial para que estas acciones se sigan manteniendo. Capitanich se\u00f1al\u00f3 que se est\u00e1 trabajando en la asignaci\u00f3n de recursos y el dise\u00f1o de un fideicomiso que \u201cprofundice la revinculaci\u00f3n del financiamiento con el arte a los efectos de desarrollar la industria cultural\u201d, dijo el mandatario y reafirm\u00f3 que \u201ces muy importante ejecutar un plan de acci\u00f3n a corto plazo que tenga que ver tanto con obras b\u00e1sicas, pero luego, hay que hacer un dise\u00f1o de car\u00e1cter estructural y que sea sostenido\u201d, manifest\u00f3.<br \/>\nAgradecimiento de ambas entidades<\/p>\n<p>Luego, el jefe del Ejecutivo visit\u00f3 el Fog\u00f3n de los Arrieros y explic\u00f3 que all\u00ed tambi\u00e9n se trabajar\u00e1 en un esquema para una intervenci\u00f3n tanto en materia de infraestructura como en sostenimiento de servicio, porque \u201cel costo operativo de sostenimiento de esta instituci\u00f3n es significativo, por lo cual es muy importante hacerlo\u201d, manifest\u00f3. Por \u00faltimo, expres\u00f3: \u201cEstamos muy comprometidos con estas intervenciones. Han sido reuniones muy positivas con las respectivas comisiones directivas de ambas entidades, de manera tal que solamente nos resta implementar lo que acordamos como una agenda de trabajo\u201d, destac\u00f3. Alejandra Meana, integrante del Club Social de Resistencia, celebr\u00f3 el encuentro con el gobernador, el cual lo calific\u00f3 como \u201cmuy positivo\u201d, porque le plantearon distintas acciones para mantener en el tiempo este patrimonio cultural del Chaco. \u201cTras compartir nuestras actividades, el Gobernador nos propuso ideas y propuestas para trabajar en proyectos como pol\u00edticas de Estado y que las mismas se mantengan en el tiempo\u201d, dijo Meana y resalt\u00f3 que es \u201cmuy alentador conversar sobre nuestra idea de interactuar este emprendimiento privado con el Estado&#8221;. El presidente de la Fundaci\u00f3n del Fog\u00f3n de los Arrieros, Daniel Moscatelli, agradeci\u00f3 la visita del Gobernador al lugar, a quien le explicaron las necesidades de la entidad, administrada por los integrantes de la Fundaci\u00f3n. \u201cFue una reuni\u00f3n muy positiva, donde Capitanich tom\u00f3 nota de todas nuestras necesidades, y manifest\u00f3 una actitud muy positiva a nuestros requerimientos. Estamos muy agradecidos\u201d, expres\u00f3 el dirigente.<\/p><\/div>\n","protected":false},"excerpt":{"rendered":"<p>En ambos encuentros, trabajaron sobre la importancia de preservaci\u00f3n de estos espacios culturales, la ejecuci\u00f3n de obras de mantenimiento en materia de infraestructura, la puesta en marcha de programas culturales, y una agenda de compromisos con ambas instituciones. El gobernador Jorge Capitanich mantuvo una reuni\u00f3n con referentes del Club Social de Resistencia y luego, con [&hellip;]<\/p>\n","protected":false},"author":1,"featured_media":25044,"comment_status":"closed","ping_status":"closed","sticky":false,"template":"","format":"standard","meta":{"footnotes":""},"categories":[6],"tags":[],"class_list":{"0":"post-25043","1":"post","2":"type-post","3":"status-publish","4":"format-standard","5":"has-post-thumbnail","7":"category-chaco"},"_links":{"self":[{"href":"https:\/\/chacosintesis.com.ar\/index.php\/wp-json\/wp\/v2\/posts\/25043","targetHints":{"allow":["GET"]}}],"collection":[{"href":"https:\/\/chacosintesis.com.ar\/index.php\/wp-json\/wp\/v2\/posts"}],"about":[{"href":"https:\/\/chacosintesis.com.ar\/index.php\/wp-json\/wp\/v2\/types\/post"}],"author":[{"embeddable":true,"href":"https:\/\/chacosintesis.com.ar\/index.php\/wp-json\/wp\/v2\/users\/1"}],"replies":[{"embeddable":true,"href":"https:\/\/chacosintesis.com.ar\/index.php\/wp-json\/wp\/v2\/comments?post=25043"}],"version-history":[{"count":0,"href":"https:\/\/chacosintesis.com.ar\/index.php\/wp-json\/wp\/v2\/posts\/25043\/revisions"}],"wp:featuredmedia":[{"embeddable":true,"href":"https:\/\/chacosintesis.com.ar\/index.php\/wp-json\/wp\/v2\/media\/25044"}],"wp:attachment":[{"href":"https:\/\/chacosintesis.com.ar\/index.php\/wp-json\/wp\/v2\/media?parent=25043"}],"wp:term":[{"taxonomy":"category","embeddable":true,"href":"https:\/\/chacosintesis.com.ar\/index.php\/wp-json\/wp\/v2\/categories?post=25043"},{"taxonomy":"post_tag","embeddable":true,"href":"https:\/\/chacosintesis.com.ar\/index.php\/wp-json\/wp\/v2\/tags?post=25043"}],"curies":[{"name":"wp","href":"https:\/\/api.w.org\/{rel}","templated":true}]}}