{"id":25016,"date":"2023-08-08T16:53:20","date_gmt":"2023-08-08T19:53:20","guid":{"rendered":"https:\/\/chacosintesis.com.ar\/?p=25016"},"modified":"2023-08-08T17:06:56","modified_gmt":"2023-08-08T20:06:56","slug":"departamento-caballeria-llego-el-merecido-descanso-de-miguelito-nuestro-equino-de-caballeria","status":"publish","type":"post","link":"https:\/\/chacosintesis.com.ar\/index.php\/departamento-caballeria-llego-el-merecido-descanso-de-miguelito-nuestro-equino-de-caballeria\/","title":{"rendered":"Departamento Caballer\u00eda: LLeg\u00f3 el merecido descanso de miguelito, nuestro equino de caballer\u00eda"},"content":{"rendered":"<div class=\"postie-post\">Junto a sus jinetes Comisario Inspector \u00ae Obreg\u00f3n Molina Ariel \u00d3scar, y el Cabo Rivero Leonardo Armando, organizaron un acto de despedida en el departamento tras casi 10 a\u00f1os de trabajo. Ayer a la tarde, nuestro equipo del Departamento Caballer\u00eda organiz\u00f3 un acto de reconocimiento y despedida a Miguelito, un equino que trabaj\u00f3 durante casi una d\u00e9cada en la fuerza policial y tendr\u00e1 su merecido descanso en un campo ubicado en la localidad de Basail.<br \/>\nMiguelito naci\u00f3 en Buenos Aires en el a\u00f1o 2002 y lleg\u00f3 a la Polic\u00eda del Chaco a mediados de septiembre del 2015. Durante el transcurso de sus ocho a\u00f1os dentro de la Instituci\u00f3n, trabaj\u00f3 con dos jinetes: el Comisario Inspector \u00ae Obreg\u00f3n Molina Ariel \u00d3scar, y el Cabo Rivero Leonardo Armando.<br \/>\nAyer a las 16:30 fue la ceremonia organizada por el personal en las instalaciones del Departamento, quienes realizaron una formaci\u00f3n con la forma de una herradura. Sus jinetes tambi\u00e9n presenciaron el acto, con los honores merecidos.<br \/>\nFinalmente, el Sargento Primero Ojeda Roberto Julio C\u00e9sar recit\u00f3 unas palabras para destacar el gran trabajo de Miguelito junto con sus jinetes durante casi una d\u00e9cada.<br \/>\nAdem\u00e1s, lo trasladaran a un campo perteneciente a nuestra polic\u00eda en la localidad de Basail, donde recibir\u00e1 los cuidados y atenci\u00f3n correspondientes.<\/div>\n","protected":false},"excerpt":{"rendered":"<p>Junto a sus jinetes Comisario Inspector \u00ae Obreg\u00f3n Molina Ariel \u00d3scar, y el Cabo Rivero Leonardo Armando, organizaron un acto de despedida en el departamento tras casi 10 a\u00f1os de trabajo. Ayer a la tarde, nuestro equipo del Departamento Caballer\u00eda organiz\u00f3 un acto de reconocimiento y despedida a Miguelito, un equino que trabaj\u00f3 durante casi [&hellip;]<\/p>\n","protected":false},"author":1,"featured_media":25017,"comment_status":"closed","ping_status":"closed","sticky":false,"template":"","format":"standard","meta":{"footnotes":""},"categories":[6],"tags":[],"class_list":{"0":"post-25016","1":"post","2":"type-post","3":"status-publish","4":"format-standard","5":"has-post-thumbnail","7":"category-chaco"},"_links":{"self":[{"href":"https:\/\/chacosintesis.com.ar\/index.php\/wp-json\/wp\/v2\/posts\/25016","targetHints":{"allow":["GET"]}}],"collection":[{"href":"https:\/\/chacosintesis.com.ar\/index.php\/wp-json\/wp\/v2\/posts"}],"about":[{"href":"https:\/\/chacosintesis.com.ar\/index.php\/wp-json\/wp\/v2\/types\/post"}],"author":[{"embeddable":true,"href":"https:\/\/chacosintesis.com.ar\/index.php\/wp-json\/wp\/v2\/users\/1"}],"replies":[{"embeddable":true,"href":"https:\/\/chacosintesis.com.ar\/index.php\/wp-json\/wp\/v2\/comments?post=25016"}],"version-history":[{"count":0,"href":"https:\/\/chacosintesis.com.ar\/index.php\/wp-json\/wp\/v2\/posts\/25016\/revisions"}],"wp:featuredmedia":[{"embeddable":true,"href":"https:\/\/chacosintesis.com.ar\/index.php\/wp-json\/wp\/v2\/media\/25017"}],"wp:attachment":[{"href":"https:\/\/chacosintesis.com.ar\/index.php\/wp-json\/wp\/v2\/media?parent=25016"}],"wp:term":[{"taxonomy":"category","embeddable":true,"href":"https:\/\/chacosintesis.com.ar\/index.php\/wp-json\/wp\/v2\/categories?post=25016"},{"taxonomy":"post_tag","embeddable":true,"href":"https:\/\/chacosintesis.com.ar\/index.php\/wp-json\/wp\/v2\/tags?post=25016"}],"curies":[{"name":"wp","href":"https:\/\/api.w.org\/{rel}","templated":true}]}}