{"id":25012,"date":"2023-08-08T16:18:04","date_gmt":"2023-08-08T19:18:04","guid":{"rendered":"https:\/\/chacosintesis.com.ar\/?p=25012"},"modified":"2023-08-08T16:36:53","modified_gmt":"2023-08-08T19:36:53","slug":"el-gobierno-presento-los-espacios-progresar-con-equipamiento-tecnologico-para-estudiantes","status":"publish","type":"post","link":"https:\/\/chacosintesis.com.ar\/index.php\/el-gobierno-presento-los-espacios-progresar-con-equipamiento-tecnologico-para-estudiantes\/","title":{"rendered":"El Gobierno present\u00f3 los \u201cEspacios Progresar\u201d, con equipamiento tecnol\u00f3gico para estudiantes"},"content":{"rendered":"<div class=\"postie-post\">Funcionar\u00e1n en instituciones educativas y contar\u00e1n con computadoras, impresoras y otros dispositivos tecnol\u00f3gicos para mejorar el acceso a la educaci\u00f3n de becarios y becarias de Progresar. Adem\u00e1s recordaron la vigencia del segundo periodo de inscripci\u00f3n al programa nacional.<br \/>\nEl gobernador Jorge Capitanich, junto al ministro de Educaci\u00f3n Aldo Lineras, present\u00f3 este martes los \u201cEspacios Progresar\u201d que funcionar\u00e1n en instituciones educativas de Nivel Secundario y Superior y que en su primera etapa incluyen la provisi\u00f3n de 226 computadoras y 31 impresoras para espacios educativos de toda la provincia. La iniciativa permitir\u00e1 ampliar y mejorar las condiciones de acceso a dispositivos tecnol\u00f3gicos y conectividad de becarios y becarias del Programa Progresar.<br \/>\n\u201cEl Programa Progresar es un compromiso integral con el futuro de nuestros j\u00f3venes. No se trata solo de un apoyo econ\u00f3mico, sino de proporcionar herramientas y recursos que potencien sus trayectorias educativas y su rendimiento acad\u00e9mico\u201d, destac\u00f3 el mandatario.<br \/>\nCon la generaci\u00f3n de los \u201cEspacios Progresar\u201d, las carteras educativas de Naci\u00f3n y Provincia buscan un mayor acceso a la tecnolog\u00eda para becarios y becarias del Programa Nacional de Becas \u201cProgresar\u201d. Se trata de espacios f\u00edsicos que funcionar\u00e1n en establecimientos educativos y que ser\u00e1n equipados con dispositivos tecnol\u00f3gicos provistos por el mismo programa.<br \/>\n\u201cEstamos acercando la tecnolog\u00eda a m\u00e1s estudiantes de toda la provincia. Esto no s\u00f3lo impulsar\u00e1 su rendimiento escolar, sino que tambi\u00e9n les abrir\u00e1 nuevas oportunidades en la era digital\u201d, subray\u00f3 Capitanich, quien record\u00f3 que Progresar fue lanzado durante la presidencia de Cristina Fern\u00e1ndez, cuando estuvo al frente de la Jefatura de Gabinete de Ministros de la Naci\u00f3n, \u201cpara garantizar terminalidad educativa y un proceso m\u00e1s eficaz de formaci\u00f3n acad\u00e9mica\u201d.<br \/>\n\u201cEntre 2014 y 2015 se implement\u00f3 de una manera extraordinaria; para 2015 ten\u00edamos 50 mil beneficiarios y beneficiarias\u201d, detall\u00f3 el mandatario. Y record\u00f3 que \u201cdurante la presidencia de Mauricio Macri (2015-2019), cuando Leandro Zdero estaba al frente de Anses en la provincia, la cifra de beneficiarios descendi\u00f3 a 20 mil\u201d. \u201cExcluyeron del programa a 30 mil estudiantes, pero ahora nuevamente hemos elevado esa cifra y estamos en un sendero de 78 mil beneficiarios\u201d, remarc\u00f3.<br \/>\nEn paralelo, el gobernador remarc\u00f3 la importancia del Plan \u201cConectar Igualdad\u201d, que entre 2015-2019 fue desarticulado, y puesto nuevamente en vigencia en la actual gesti\u00f3n. \u201cEn nuestros distintos mandatos en Chaco, logramos sumar 250 mil computadoras y tenemos un plan para adquirir en los pr\u00f3ximos cuatro a\u00f1os, 300 mil unidades m\u00e1s para garantizar conectividad con 3 mil kil\u00f3metros de red de fibra \u00f3ptica y \u00faltima milla para llegar a cada establecimiento educativo\u201d, concluy\u00f3 Capitanich.<br \/>\nEn el lanzamiento estuvieron presentes el subsecretario de Formaci\u00f3n Docente e Investigaci\u00f3n Educativa, Favio Alvarenga; los directores de las Regionales 10 A, Omar Rojo; de la 10 B, Anal\u00eda Flores, y 10 C, Griselda Quiles; y el coordinador provincial de Becas Progresar, Luis Robles.<br \/>\nLineras: \u201clas becas Progresar son un s\u00edmbolo de pol\u00edticas de inclusi\u00f3n\u201d<br \/>\n\u201cLas becas Progresar son un s\u00edmbolo de pol\u00edticas de inclusi\u00f3n que va mucho m\u00e1s all\u00e1 de la ayuda a los beneficiarios y las beneficiarias de 16 a 24 a\u00f1os. Debemos saber valorar esto; hist\u00f3ricamente las universidades ten\u00edan sus programas de becas con su propio presupuesto, pero esto no suced\u00eda en Educaci\u00f3n Secundaria, para Adultos y Superior\u201d, dijo Lineras. \u201cHay quienes promueven estas pol\u00edticas y quienes las suprimen\u201d, reflexion\u00f3 el ministro, en referencia a la disminuci\u00f3n de beneficiarios durante la anterior gesti\u00f3n.<br \/>\nSobre los detalles del programa, explic\u00f3 que se trata de espacios que funcionar\u00e1n en escuelas secundarias e institutos superiores y que tendr\u00e1n computadoras y tutores para brindar apoyo. El criterio que ha seguido la administraci\u00f3n central para la ubicaci\u00f3n de estos puntos es la mayor cantidad de beneficiarios y beneficiarias. \u201cQueremos lograr la inclusi\u00f3n y esta es una pol\u00edtica de inclusi\u00f3n para que la educaci\u00f3n sea una herramienta de crecimiento personal y colectivo\u201d, finaliz\u00f3 el ministro.<br \/>\nSegundo per\u00edodo de inscripci\u00f3n a las Becas Progresar<br \/>\nEn la ocasi\u00f3n, los funcionarios recordaron adem\u00e1s que se encuentra vigente, desde el 14 de julio, el Segundo Per\u00edodo de Inscripci\u00f3n a las diferentes l\u00edneas del Programa Nacional de Becas \u201cProgresar\u201d, periodo que se extender\u00e1 hasta el 31 de agosto. Estas becas buscan implementar acciones que tiendan al fortalecimiento de las trayectorias acad\u00e9micas y al bienestar integral de la comunidad estudiantil beneficiaria, con el fin de garantizar la continuidad en sus estudios.<br \/>\nLa inscripci\u00f3n es apta para estudiantes de todas las l\u00edneas de Becas Progresar: Obligatorio (para finalizar la educaci\u00f3n primaria y secundaria), Superior (para estudiar tecnicaturas, formaci\u00f3n docente o carreras universitarias), Progresar Enfermer\u00eda, (para cursar la carrera) y Progresar Trabajo (para formarse profesionalmente). Tambi\u00e9n es posible acceder al Programa de Formaci\u00f3n y Certificaci\u00f3n en Lenguas Extranjeras que consiste en cursos gratuitos de idiomas, dictados en forma virtual y con acreditaci\u00f3n oficial.<\/div>\n","protected":false},"excerpt":{"rendered":"<p>Funcionar\u00e1n en instituciones educativas y contar\u00e1n con computadoras, impresoras y otros dispositivos tecnol\u00f3gicos para mejorar el acceso a la educaci\u00f3n de becarios y becarias de Progresar. Adem\u00e1s recordaron la vigencia del segundo periodo de inscripci\u00f3n al programa nacional. El gobernador Jorge Capitanich, junto al ministro de Educaci\u00f3n Aldo Lineras, present\u00f3 este martes los \u201cEspacios Progresar\u201d [&hellip;]<\/p>\n","protected":false},"author":1,"featured_media":25013,"comment_status":"closed","ping_status":"closed","sticky":false,"template":"","format":"standard","meta":{"footnotes":""},"categories":[6],"tags":[],"class_list":{"0":"post-25012","1":"post","2":"type-post","3":"status-publish","4":"format-standard","5":"has-post-thumbnail","7":"category-chaco"},"_links":{"self":[{"href":"https:\/\/chacosintesis.com.ar\/index.php\/wp-json\/wp\/v2\/posts\/25012","targetHints":{"allow":["GET"]}}],"collection":[{"href":"https:\/\/chacosintesis.com.ar\/index.php\/wp-json\/wp\/v2\/posts"}],"about":[{"href":"https:\/\/chacosintesis.com.ar\/index.php\/wp-json\/wp\/v2\/types\/post"}],"author":[{"embeddable":true,"href":"https:\/\/chacosintesis.com.ar\/index.php\/wp-json\/wp\/v2\/users\/1"}],"replies":[{"embeddable":true,"href":"https:\/\/chacosintesis.com.ar\/index.php\/wp-json\/wp\/v2\/comments?post=25012"}],"version-history":[{"count":0,"href":"https:\/\/chacosintesis.com.ar\/index.php\/wp-json\/wp\/v2\/posts\/25012\/revisions"}],"wp:featuredmedia":[{"embeddable":true,"href":"https:\/\/chacosintesis.com.ar\/index.php\/wp-json\/wp\/v2\/media\/25013"}],"wp:attachment":[{"href":"https:\/\/chacosintesis.com.ar\/index.php\/wp-json\/wp\/v2\/media?parent=25012"}],"wp:term":[{"taxonomy":"category","embeddable":true,"href":"https:\/\/chacosintesis.com.ar\/index.php\/wp-json\/wp\/v2\/categories?post=25012"},{"taxonomy":"post_tag","embeddable":true,"href":"https:\/\/chacosintesis.com.ar\/index.php\/wp-json\/wp\/v2\/tags?post=25012"}],"curies":[{"name":"wp","href":"https:\/\/api.w.org\/{rel}","templated":true}]}}