{"id":25010,"date":"2023-08-08T16:15:35","date_gmt":"2023-08-08T19:15:35","guid":{"rendered":"https:\/\/chacosintesis.com.ar\/?p=25010"},"modified":"2023-08-08T16:36:48","modified_gmt":"2023-08-08T19:36:48","slug":"el-concurso-alfredo-veirave-2023-premio-lo-mejor-de-la-poesia-chaquena","status":"publish","type":"post","link":"https:\/\/chacosintesis.com.ar\/index.php\/el-concurso-alfredo-veirave-2023-premio-lo-mejor-de-la-poesia-chaquena\/","title":{"rendered":"El concurso Alfredo Veirav\u00e9 2023 premi\u00f3 lo mejor de la poes\u00eda chaque\u00f1a"},"content":{"rendered":"<div class=\"postie-post\">El primer premio fue para Lucas Daniel Brito S\u00e1nchez con la obra Un cementerio chino, bajo el seud\u00f3nimo \u201cBoldo\u201d; el segundo fue para Lisandro Gonz\u00e1lez con la obra Lastre, bajo el seud\u00f3nimo \u201cMagdalena\u201d; y el tercero, para Gabriela Milagros Fleita con la obra Chang\u00fc\u00ed, bajo el seud\u00f3nimo \u201cEme Efe\u201d. Compartir Twittear Correo electr\u00f3nico Compartir<br \/>\nEl Instituto de Cultura del Chaco (ICCH) dio a conocer a las y los ganadores del concurso provincial de Poes\u00eda Alfredo Veirav\u00e9 2023. El jurado, que eligi\u00f3 las obras ganadoras por unanimidad, estuvo integrado por la escritora Pamela Fierro; el poeta y vicepresidente de la Sociedad Argentina de Escritores (SADE), Juano Villafa\u00f1e; y, en representaci\u00f3n de la Facultad de Humanidades (UNNE), el profesor Hugo Wingeyer.<br \/>\nEl primer premio fue para Lucas Daniel Brito S\u00e1nchez con la obra &#8220;Un cementerio chino&#8221;, bajo el seud\u00f3nimo Boldo; el segundo premio fue para Lisandro Gonz\u00e1lez con la obra Lastre, bajo el seud\u00f3nimo Magdalena; y el tercer premio fue para Gabriela Milagros Fleita con la obra Chang\u00fc\u00ed, bajo el seud\u00f3nimo Eme Efe.<br \/>\nPor su parte el presidente de Cultura, Francisco Tete Romero, record\u00f3 que este premio \u201cno solamente instituye una estimulaci\u00f3n econ\u00f3mica, sino que tambi\u00e9n representa la validaci\u00f3n a trav\u00e9s de un jurado muy prestigioso\u201d. Respecto a la transparencia del concurso, desde el ICCH remarcaron: \u201cCabe destacar que el excelent\u00edsimo Jurado no tuvo acceso a los datos personales de los escritores y escritoras, s\u00f3lo al nombre de las obras y sus seud\u00f3nimos. Las obras ganadoras fueron seleccionadas cumpliendo con lo requerido en su totalidad con las bases y condiciones que fueron impuestas para este concurso\u201d.<br \/>\nComo integrante del jurado, Pamela Fierro detall\u00f3: \u201cEl Premio Alfredo Veirav\u00e9, cuyo nombre homenajea a dicho poeta, entrerriano y afincado en Resistencia, tiene por objetivo reconocer y fomentar la producci\u00f3n po\u00e9tica regional para as\u00ed colaborar al creciente inter\u00e9s general por la poes\u00eda en la sociedad y el mercado editorial. La convocatoria 2023 del concurso recibi\u00f3 un total de m\u00e1s de veinte obras con una enorme diversidad ling\u00fc\u00edstica, cultural y estil\u00edstica. La poes\u00eda es un derecho y como tal este concurso da la oportunidad de generar nuevos circuitos de producci\u00f3n y circulaci\u00f3n de obras y autores de toda la provincia\u201d.<br \/>\nAdem\u00e1s de la publicaci\u00f3n de todas las obras premiadas, el concurso Veirav\u00e9 2023 otorga al $400.000 (cuatrocientos mil pesos argentinos) para el primer lugar, $200.000 (doscientos mil pesos argentinos) para el segundo, y $100.000 (cien mil pesos argentinos) para el tercero.<br \/>\nComo es habitual, los libros ganadores se presentar\u00e1n en la Feria Iberoamericana del Libro 2023 en Resistencia, y a su vez ser\u00e1n presentados en la Feria del Libro de Buenos Aires en el d\u00eda dedicado especialmente al Chaco.<br \/>\nSobre &#8220;Un cementerio chino&#8221;<br \/>\nRespecto a la obra que obtuvo el primer Premio del concurso, Brito S\u00e1nchez cont\u00f3: \u201cLo escrib\u00ed en distintos momentos de mi vida. Arranqu\u00e9 antes de la pandemia. Despu\u00e9s vino el encierro a causa del Covid, lo que me ayud\u00f3 a pulir el libro. El gran poeta Alfredo Veirav\u00e9 tiene un libro titulado Historia natural donde hay varias referencias a la poes\u00eda china. Siento que funciona tambi\u00e9n como un homenaje a su legado\u201d.<br \/>\nEl libro ganador incluye una breve introducci\u00f3n donde el autor cuenta: \u201cViv\u00ed quince a\u00f1os cerca del Barrio Chino, lejos de la plaza central. Durante esos a\u00f1os alquil\u00e9 distintas casas donde me la pas\u00e9 leyendo poemas de la antigua China. Este libro fue hecho con lo que dijeron y pensaron, con los sue\u00f1os y las pesadillas de los vecinos de aquel barrio. Algunos textos tambi\u00e9n est\u00e1n inspirados en Tao Yuanming, Wang Wei y Su Tungpo, poetas que vivieron entre el a\u00f1o 356 y el 1110 de nuestra era y abarcan, respectivamente, las dinast\u00edas Sui, Tang y Song\u201d.<br \/>\nLucas Brito S\u00e1nchez es periodista y escritor. Naci\u00f3 en 1980 en Resistencia, Chaco. Colabor\u00f3 en diarios y en diferentes revistas. Fund\u00f3 y dirigi\u00f3 la librer\u00eda virtual Conejamono. Continu\u00f3 con su tarea de librero hasta fines de 2022 con un proyecto similar llamado Lucas Libros. Actualmente trabaja en el Departamento de Marketing del Instituto de Cultura del Chaco. Escribi\u00f3 varios libros de poes\u00eda que se publicaron en editoriales independientes. Entre sus textos destacan Elefantes y perros, La fundaci\u00f3n de Jap\u00f3n, Entrar y salir de Cannes, y Antitodo (poes\u00eda reunida).<br \/>\nSobre &#8220;Lastre&#8221;<br \/>\nEn palabras del propio Lisandro Gonz\u00e1lez, Lastre \u201cre\u00fane textos escritos desde el 2014 hasta el 2022; pese a lo cual se lo ha trabajado para que pueda tener cierta coherencia interna como obra, intentando hilvanar paisajes mentales con un fondo urbano y buscando tanto la condensaci\u00f3n como un tono en el que pueda resonar tanto la iron\u00eda como el tanteo en las cosas de alguna trascendencia\u201d. Y detall\u00f3: \u201cSe encuentra dividido en cinco secciones. \u2018Premio consuelo\u2019 corresponde en general a mi producci\u00f3n m\u00e1s reciente; en una tentativa de construcci\u00f3n de im\u00e1genes y s\u00edmbolos, asoman facetas confesionales. \u2018Diez de cien\u2019 consta de diez poemas de cien palabras cada uno, utilizando el recurso de la an\u00e1fora \u2013en su mayor\u00eda preposiciones\u2013. En \u2018La llegada de los equilibristas\u2019 predomina una escritura fragmentaria, breve, el uso de la min\u00fascula y alguna influencia de la poes\u00eda oriental. \u2018Versos blancos\u2019 contiene poemas \u2013en su mayor\u00eda, los m\u00e1s antiguos del libro\u2013 de doce versos octas\u00edlabos, sin rima. La secci\u00f3n final es \u2018Notas\u2019 donde se presentan textos breves en prosa, en los que se atisba alg\u00fan leve matiz reflexivo\u201d.<br \/>\nLisandro Gonz\u00e1lez naci\u00f3 en 1973 en Resistencia, Chaco. Reside actualmente en Rosario (Santa Fe). Colabora en el suplemento literario Cultura y Libros, del diario La Capital de Rosario. Public\u00f3: Esta m\u00fasica abanica cualquier coraz\u00f3n (1994), Le\u00f1a del \u00e1rbol erguido (2000), Hobbies de hotel (2004), Intervalo l\u00facido (Premio Provincial \u201cJos\u00e9 Rafael L\u00f3pez Rosas\u201d 2007), Los cauces vac\u00edos (2011), Pol\u00edtica del oto\u00f1o (Premio Nacional \u201cLuis Di Filippo\u201d 2013), Poemas lumbares (Premio Provincial \u201cJos\u00e9 Pedroni\u201d 2013; UNL Ediciones) y Qu\u00e9 es la poes\u00eda (2018).<br \/>\nSobre &#8220;Chang\u00fc\u00ed&#8221;<br \/>\nPor su parte Milagros Fleita, refiri\u00e9ndose a su libro, expres\u00f3: \u201cEs una caricia a la ni\u00f1ez herida que en el camino se encuentra con varios amores, l\u00e1grimas, desaf\u00edos y un par de injusticias. Desde una perspectiva jovial, entusiasta, y llena de fe, mi obra intenta demostrar que la vida siempre te da una chance, la vida siempre te da un Chang\u00fc\u00ed\u201d.<br \/>\nGabriela Milagros Fleita naci\u00f3 en 1995 y es oriunda de Villa \u00c1ngela. Como trabajadora social trabaja en la municipalidad de Enrique Urien. Adem\u00e1s, se desempe\u00f1a como bedel en carreras terciarias y en el Instituto de Educaci\u00f3n Superior Villa \u00c1ngela. Actualmente forma parte del grupo literario \u201cRonda de poetas\u201d, dedicado al fomento y activismo po\u00e9tico combinando m\u00fasica, teatro, pintura y artesan\u00edas.<\/div>\n","protected":false},"excerpt":{"rendered":"<p>El primer premio fue para Lucas Daniel Brito S\u00e1nchez con la obra Un cementerio chino, bajo el seud\u00f3nimo \u201cBoldo\u201d; el segundo fue para Lisandro Gonz\u00e1lez con la obra Lastre, bajo el seud\u00f3nimo \u201cMagdalena\u201d; y el tercero, para Gabriela Milagros Fleita con la obra Chang\u00fc\u00ed, bajo el seud\u00f3nimo \u201cEme Efe\u201d. Compartir Twittear Correo electr\u00f3nico Compartir El [&hellip;]<\/p>\n","protected":false},"author":1,"featured_media":25011,"comment_status":"closed","ping_status":"closed","sticky":false,"template":"","format":"standard","meta":{"footnotes":""},"categories":[6],"tags":[],"class_list":{"0":"post-25010","1":"post","2":"type-post","3":"status-publish","4":"format-standard","5":"has-post-thumbnail","7":"category-chaco"},"_links":{"self":[{"href":"https:\/\/chacosintesis.com.ar\/index.php\/wp-json\/wp\/v2\/posts\/25010","targetHints":{"allow":["GET"]}}],"collection":[{"href":"https:\/\/chacosintesis.com.ar\/index.php\/wp-json\/wp\/v2\/posts"}],"about":[{"href":"https:\/\/chacosintesis.com.ar\/index.php\/wp-json\/wp\/v2\/types\/post"}],"author":[{"embeddable":true,"href":"https:\/\/chacosintesis.com.ar\/index.php\/wp-json\/wp\/v2\/users\/1"}],"replies":[{"embeddable":true,"href":"https:\/\/chacosintesis.com.ar\/index.php\/wp-json\/wp\/v2\/comments?post=25010"}],"version-history":[{"count":0,"href":"https:\/\/chacosintesis.com.ar\/index.php\/wp-json\/wp\/v2\/posts\/25010\/revisions"}],"wp:featuredmedia":[{"embeddable":true,"href":"https:\/\/chacosintesis.com.ar\/index.php\/wp-json\/wp\/v2\/media\/25011"}],"wp:attachment":[{"href":"https:\/\/chacosintesis.com.ar\/index.php\/wp-json\/wp\/v2\/media?parent=25010"}],"wp:term":[{"taxonomy":"category","embeddable":true,"href":"https:\/\/chacosintesis.com.ar\/index.php\/wp-json\/wp\/v2\/categories?post=25010"},{"taxonomy":"post_tag","embeddable":true,"href":"https:\/\/chacosintesis.com.ar\/index.php\/wp-json\/wp\/v2\/tags?post=25010"}],"curies":[{"name":"wp","href":"https:\/\/api.w.org\/{rel}","templated":true}]}}