{"id":25008,"date":"2023-08-08T16:11:51","date_gmt":"2023-08-08T19:11:51","guid":{"rendered":"https:\/\/chacosintesis.com.ar\/?p=25008"},"modified":"2023-08-08T16:36:43","modified_gmt":"2023-08-08T19:36:43","slug":"anunciaron-que-en-septiembre-iniciara-la-busqueda-de-restos-oseos-de-la-masacre-de-napalpi","status":"publish","type":"post","link":"https:\/\/chacosintesis.com.ar\/index.php\/anunciaron-que-en-septiembre-iniciara-la-busqueda-de-restos-oseos-de-la-masacre-de-napalpi\/","title":{"rendered":"Anunciaron que en septiembre iniciar\u00e1 la b\u00fasqueda de restos \u00f3seos de la Masacre de Napalp\u00ed"},"content":{"rendered":"<div class=\"postie-post\">A fines de agosto se har\u00e1n las demarcaciones y en septiembre comenzar\u00e1n las excavaciones.<br \/>\nLa vicegobernadora Anal\u00eda Rach Quiroga y la secretaria de Derechos Humanos Silvana P\u00e9rez se reunieron, este martes, con la representante del Equipo Argentino de Antropolog\u00eda Forense (EAAF) Laura Turner, quien encabezar\u00e1 la b\u00fasqueda de restos \u00f3seos como parte del cumplimiento de la sentencia del juicio por la verdad de la Masacre de Napalp\u00ed. Participaron tambi\u00e9n la titular del Instituto de Asuntos Ind\u00edgenas de Naci\u00f3n y referente de la fundaci\u00f3n Napalp\u00ed Anal\u00eda Noriega.<br \/>\nEl objetivo del encuentro fue organizar los operativos que se realizar\u00e1n a fin de mes. En esta primera etapa se determinar\u00e1n los puntos donde habr\u00eda restos \u00f3seos, ya que habr\u00edan sido fosas comunes en diferentes procesos represivos. Luego, en septiembre, se realizar\u00e1n las excavaciones. Para ello se coordina con el EAAF y diferentes organismos del Estado que podr\u00e1n a disposici\u00f3n recursos humanos y herramientas.<br \/>\nDe esta manera contin\u00faa el trabajo previo al juicio  para el aporte documental a la causa. \u201cUno de los puntos reparatorios de la causa es poder brindarles a los pueblos m\u00e1s conocimiento sobre su historia, la posibilidad de encontrar los cuerpos de sus ancestros para darles una sepultura acorde y fortalecer la memoria\u201d, explic\u00f3.<br \/>\nPara ello el gobierno articula con la fiscal\u00eda federal que trabaja en la causa, la mesa ejecutora de la sentencia y la mesa territorial de las comunidades.  \u201cEs fundamental trabajar con las y los miembros de las comunidades para que realmente sea un proceso reparatorio, la sentencia como juicio por la Verdad, es de reparaci\u00f3n p\u00fablica\u201d, resalt\u00f3.<br \/>\nAdem\u00e1s de la b\u00fasqueda, se trabaja en la capacitaci\u00f3n de las fuerzas de seguridad, el contenido de educaci\u00f3n y en lo que la construcci\u00f3n de museo ind\u00edgena y construcci\u00f3n de espacios de memoria.<br \/>\nTurner record\u00f3 que en los trabajos ya iniciados se produjeron hallazgos de restos \u00f3seos y, por informaci\u00f3n hist\u00f3rica y testimonial con la que se cuenta saben que existen fosas comunes. \u201cAh\u00ed es donde nos vamos a abocar, el objetivo es retomar la b\u00fasqueda de los restos que dej\u00f3 no solo la masacre de Napalp\u00ed sino de todos los procesos represivos realizados en la zona, en manos del estado nacional\u201d, sostuvo.<br \/>\nLa especialista remarc\u00f3 la importancia del trabajo conjunto entre el Estado y las organizaciones civiles. \u201cEs una medida que apunta a la reparaci\u00f3n de la v\u00edctima, que es el sujeto central de todos estos procesos, el juicio por la verdad en relaci\u00f3n a la masacre es un ejemplo de pol\u00edtica y un modelo para otros casos que est\u00e1n apuntando a acceder a esta posibilidad\u201d, destac\u00f3.<br \/>\nNoriega resalt\u00f3 el trabajo en conjunto de las comunidades con el gobierno provincial y el EAAF. \u201cEstamos muy conformes de c\u00f3mo se vienen concretando el cumplimento de la sentencia, si bien el juicio ya reconoci\u00f3 que la masacre existi\u00f3 esto es parte de reconocer lo que pas\u00f3, es parte de la formaci\u00f3n de la historia, permitir\u00e1 que las comunidades puedan encontrar sus ancestros\u201d, concluy\u00f3.<\/div>\n","protected":false},"excerpt":{"rendered":"<p>A fines de agosto se har\u00e1n las demarcaciones y en septiembre comenzar\u00e1n las excavaciones. La vicegobernadora Anal\u00eda Rach Quiroga y la secretaria de Derechos Humanos Silvana P\u00e9rez se reunieron, este martes, con la representante del Equipo Argentino de Antropolog\u00eda Forense (EAAF) Laura Turner, quien encabezar\u00e1 la b\u00fasqueda de restos \u00f3seos como parte del cumplimiento de [&hellip;]<\/p>\n","protected":false},"author":1,"featured_media":25009,"comment_status":"closed","ping_status":"closed","sticky":false,"template":"","format":"standard","meta":{"footnotes":""},"categories":[6],"tags":[],"class_list":{"0":"post-25008","1":"post","2":"type-post","3":"status-publish","4":"format-standard","5":"has-post-thumbnail","7":"category-chaco"},"_links":{"self":[{"href":"https:\/\/chacosintesis.com.ar\/index.php\/wp-json\/wp\/v2\/posts\/25008","targetHints":{"allow":["GET"]}}],"collection":[{"href":"https:\/\/chacosintesis.com.ar\/index.php\/wp-json\/wp\/v2\/posts"}],"about":[{"href":"https:\/\/chacosintesis.com.ar\/index.php\/wp-json\/wp\/v2\/types\/post"}],"author":[{"embeddable":true,"href":"https:\/\/chacosintesis.com.ar\/index.php\/wp-json\/wp\/v2\/users\/1"}],"replies":[{"embeddable":true,"href":"https:\/\/chacosintesis.com.ar\/index.php\/wp-json\/wp\/v2\/comments?post=25008"}],"version-history":[{"count":0,"href":"https:\/\/chacosintesis.com.ar\/index.php\/wp-json\/wp\/v2\/posts\/25008\/revisions"}],"wp:featuredmedia":[{"embeddable":true,"href":"https:\/\/chacosintesis.com.ar\/index.php\/wp-json\/wp\/v2\/media\/25009"}],"wp:attachment":[{"href":"https:\/\/chacosintesis.com.ar\/index.php\/wp-json\/wp\/v2\/media?parent=25008"}],"wp:term":[{"taxonomy":"category","embeddable":true,"href":"https:\/\/chacosintesis.com.ar\/index.php\/wp-json\/wp\/v2\/categories?post=25008"},{"taxonomy":"post_tag","embeddable":true,"href":"https:\/\/chacosintesis.com.ar\/index.php\/wp-json\/wp\/v2\/tags?post=25008"}],"curies":[{"name":"wp","href":"https:\/\/api.w.org\/{rel}","templated":true}]}}