{"id":25006,"date":"2023-08-08T16:10:37","date_gmt":"2023-08-08T19:10:37","guid":{"rendered":"https:\/\/chacosintesis.com.ar\/?p=25006"},"modified":"2023-08-08T16:36:38","modified_gmt":"2023-08-08T19:36:38","slug":"se-realiza-manana-la-final-provincial-de-los-juegos-evita-adaptado","status":"publish","type":"post","link":"https:\/\/chacosintesis.com.ar\/index.php\/se-realiza-manana-la-final-provincial-de-los-juegos-evita-adaptado\/","title":{"rendered":"Se realiza ma\u00f1ana la final provincial de los Juegos Evita Adaptado"},"content":{"rendered":"<div class=\"postie-post\">Unos 100 atletas con discapacidad de toda la provincia compiten en b\u00fasqueda de un lugar para representar al Chaco en las finales nacionales que se disputar\u00e1n en Mar del Plata del 24 al 30 de septiembre.<br \/>\nEste mi\u00e9rcoles a partir de las 9 en las Instalaciones del Polideportivo Jaime Zapata se llevar\u00e1 a cabo la Final Provincial de los Juegos Evita 2023 en su modalidad adaptados.<br \/>\nDesde el Instituto del Deporte Chaque\u00f1o explicaron que se prev\u00e9 la participaci\u00f3n de alrededor de 100 atletas con discapacidad de toda la provincia. Los competidores buscar\u00e1n su lugar para representar al Chaco en la Final Nacional de los Juegos Evita que se disputar\u00e1 en Mar del Plata del 24 al 30 de septiembre.<br \/>\nLas disciplinas que competir\u00e1n este mi\u00e9rcoles son: tenis (Sub 18), boccia (Sub 18), goalbal (Sub 18), f\u00fatbol 3&#215;3 (Sub 18), v\u00f3ley sentado (Sub 18), b\u00e1squet S\/Ruedas (Sub 16), tenis de mesa (Sub 18), tiro con arco (Sub 18), para b\u00e1dminton (Sub 18), para powerlifting (Sub 18).<\/div>\n","protected":false},"excerpt":{"rendered":"<p>Unos 100 atletas con discapacidad de toda la provincia compiten en b\u00fasqueda de un lugar para representar al Chaco en las finales nacionales que se disputar\u00e1n en Mar del Plata del 24 al 30 de septiembre. Este mi\u00e9rcoles a partir de las 9 en las Instalaciones del Polideportivo Jaime Zapata se llevar\u00e1 a cabo la [&hellip;]<\/p>\n","protected":false},"author":1,"featured_media":25007,"comment_status":"closed","ping_status":"closed","sticky":false,"template":"","format":"standard","meta":{"footnotes":""},"categories":[6],"tags":[],"class_list":{"0":"post-25006","1":"post","2":"type-post","3":"status-publish","4":"format-standard","5":"has-post-thumbnail","7":"category-chaco"},"_links":{"self":[{"href":"https:\/\/chacosintesis.com.ar\/index.php\/wp-json\/wp\/v2\/posts\/25006","targetHints":{"allow":["GET"]}}],"collection":[{"href":"https:\/\/chacosintesis.com.ar\/index.php\/wp-json\/wp\/v2\/posts"}],"about":[{"href":"https:\/\/chacosintesis.com.ar\/index.php\/wp-json\/wp\/v2\/types\/post"}],"author":[{"embeddable":true,"href":"https:\/\/chacosintesis.com.ar\/index.php\/wp-json\/wp\/v2\/users\/1"}],"replies":[{"embeddable":true,"href":"https:\/\/chacosintesis.com.ar\/index.php\/wp-json\/wp\/v2\/comments?post=25006"}],"version-history":[{"count":0,"href":"https:\/\/chacosintesis.com.ar\/index.php\/wp-json\/wp\/v2\/posts\/25006\/revisions"}],"wp:featuredmedia":[{"embeddable":true,"href":"https:\/\/chacosintesis.com.ar\/index.php\/wp-json\/wp\/v2\/media\/25007"}],"wp:attachment":[{"href":"https:\/\/chacosintesis.com.ar\/index.php\/wp-json\/wp\/v2\/media?parent=25006"}],"wp:term":[{"taxonomy":"category","embeddable":true,"href":"https:\/\/chacosintesis.com.ar\/index.php\/wp-json\/wp\/v2\/categories?post=25006"},{"taxonomy":"post_tag","embeddable":true,"href":"https:\/\/chacosintesis.com.ar\/index.php\/wp-json\/wp\/v2\/tags?post=25006"}],"curies":[{"name":"wp","href":"https:\/\/api.w.org\/{rel}","templated":true}]}}