{"id":25002,"date":"2023-08-08T16:03:41","date_gmt":"2023-08-08T19:03:41","guid":{"rendered":"https:\/\/chacosintesis.com.ar\/?p=25002"},"modified":"2023-08-08T16:07:29","modified_gmt":"2023-08-08T19:07:29","slug":"punto-de-todos-estara-en-saenz-pena-este-jueves-10-y-viernes-11","status":"publish","type":"post","link":"https:\/\/chacosintesis.com.ar\/index.php\/punto-de-todos-estara-en-saenz-pena-este-jueves-10-y-viernes-11\/","title":{"rendered":"Punto de Todos estar\u00e1 en S\u00e1enz Pe\u00f1a este jueves 10 y viernes 11"},"content":{"rendered":"<div class=\"postie-post\">De 9 a 18, en Centro C\u00edvico y Cultural, las y los saenzpe\u00f1enses podr\u00e1n acceder a m\u00faltiples gestiones, consultas sobre servicios y programas provinciales y nacionales.<br \/>\nEl Ministerio de Planificaci\u00f3n, Econom\u00eda e Infraestructura informa que, este jueves 10 y viernes 11, se desarrollar\u00e1n operativos integrales \u201cPunto de Todos\u201d en Presidencia Roque S\u00e1enz Pe\u00f1a, para que vecinas y vecinos puedan realizar consultas y tr\u00e1mites sobre diversos servicios y prestaciones.<br \/>\nEn el Centro C\u00edvico y Cultural (Ex Ferichaco), de 9 a 18, ciudadanos y ciudadanas podr\u00e1n realizar tr\u00e1mites relacionados al DNI, SUBE Estudiantil, inscripci\u00f3n a becas Progresar y consultas PAMI, entre otros. Adem\u00e1s habr\u00e1 stands de artesan\u00edas y emprendimientos gastron\u00f3micos.<br \/>\nServicios del operativo<br \/>\nEl Ministerio de Desarrollo Social, estar\u00e1 presente con un equipo interdisciplinario de la Unidad de Protecci\u00f3n Integral de derechos de los ni\u00f1os, ni\u00f1as y adolescentes (UPI), que contar\u00e1 con unidad de seguimiento nutricional. Se llevar\u00e1 a cabo el operativo \u201cLeer, re\u00edr y jugar\u201d que trata de talleres recreativos con t\u00edteres, teatros y juegos para los que asistan al lugar. Adem\u00e1s, contar\u00e1n con la presencia de preventores comunitarios en consumos problem\u00e1ticos.<br \/>\nTambi\u00e9n habr\u00e1 informaci\u00f3n sobre la \u201cL\u00ednea 102\u201d un servicio telef\u00f3nico gratuito y confidencial de atenci\u00f3n y orientaci\u00f3n sobre tem\u00e1ticas vinculadas a los derechos de ni\u00f1as, ni\u00f1os y adolescentes. A su vez estar\u00e1 presente el programa ENIA, cuyo objetivo es reforzar el acompa\u00f1amiento integral y potenciar el ejercicio de los derechos sexuales y reproductivos en la adolescencia.<br \/>\nPor otro lado, el Ministerio de Salud P\u00fablica brindar\u00e1 atenci\u00f3n m\u00e9dica en Cl\u00ednica, Pediatr\u00eda, Odontolog\u00eda y Obstetricia. Habr\u00e1 profesionales capacitados realizando ecograf\u00edas, electrocardiogramas, vacunaci\u00f3n, testeos de HPV e HIV.<br \/>\nLa Universidad Nacional del Chaco Austral (UNCAUS) estar\u00e1 presente a trav\u00e9s del cami\u00f3n sanitario de la Unidad M\u00e9dica Educativa, donde colocar\u00e1n inmunizaciones del calendario nacional y Covid-19, y brindar\u00e1n atenci\u00f3n en agudeza visual y pediatr\u00eda. Asimismo, ofrecer\u00e1n atenci\u00f3n cl\u00ednica veterinaria gratuita, de 14 a 18.<br \/>\nIprodich brindar\u00e1 asesoramiento a personas con discapacidad y familiares sobre el Certificado \u00danico de Discapacidad (CUD) y sus beneficios, c\u00f3mo ayuda t\u00e9cnicas, pasajes, Asignaci\u00f3n Universalizaci\u00f3n por Hijo con Discapacidad. Tambi\u00e9n se asistir\u00e1 en informaci\u00f3n para viviendas y refacci\u00f3n edilicia para personas con discapacidad.<br \/>\nDesde la Anses se podr\u00e1 consultar sobre el estado de tr\u00e1mites ya iniciados o requisitos para acceder a los distintos beneficios que ofrece el Estado Nacional a trav\u00e9s del ente. Podr\u00e1n hacerse tr\u00e1mites de Asignaciones familiares (por hijo, por hijo con discapacidad), Becas Progresar, entre otros.<br \/>\nLa Secretar\u00eda de Desarrollo Social y Ambiente, participar\u00e1 de los operativos brindando gesti\u00f3n y asesoramiento para tramitar la RUHB (certificado de ocupaci\u00f3n que se otorga a familias que habitan desde hace muchos a\u00f1os una tierra, a trav\u00e9s del cual se inicia el proceso de ordenamiento y regularizaci\u00f3n).<br \/>\nEl Ministerio de Producci\u00f3n y Empleo estar\u00e1 presente con un stand de Chac\u00fa brindando asesoramiento en L\u00edneas de Financiamiento para peque\u00f1os agricultores, ganaderos e industriales de la provincia.<\/div>\n","protected":false},"excerpt":{"rendered":"<p>De 9 a 18, en Centro C\u00edvico y Cultural, las y los saenzpe\u00f1enses podr\u00e1n acceder a m\u00faltiples gestiones, consultas sobre servicios y programas provinciales y nacionales. El Ministerio de Planificaci\u00f3n, Econom\u00eda e Infraestructura informa que, este jueves 10 y viernes 11, se desarrollar\u00e1n operativos integrales \u201cPunto de Todos\u201d en Presidencia Roque S\u00e1enz Pe\u00f1a, para que [&hellip;]<\/p>\n","protected":false},"author":1,"featured_media":25003,"comment_status":"closed","ping_status":"closed","sticky":false,"template":"","format":"standard","meta":{"footnotes":""},"categories":[6],"tags":[],"class_list":{"0":"post-25002","1":"post","2":"type-post","3":"status-publish","4":"format-standard","5":"has-post-thumbnail","7":"category-chaco"},"_links":{"self":[{"href":"https:\/\/chacosintesis.com.ar\/index.php\/wp-json\/wp\/v2\/posts\/25002","targetHints":{"allow":["GET"]}}],"collection":[{"href":"https:\/\/chacosintesis.com.ar\/index.php\/wp-json\/wp\/v2\/posts"}],"about":[{"href":"https:\/\/chacosintesis.com.ar\/index.php\/wp-json\/wp\/v2\/types\/post"}],"author":[{"embeddable":true,"href":"https:\/\/chacosintesis.com.ar\/index.php\/wp-json\/wp\/v2\/users\/1"}],"replies":[{"embeddable":true,"href":"https:\/\/chacosintesis.com.ar\/index.php\/wp-json\/wp\/v2\/comments?post=25002"}],"version-history":[{"count":0,"href":"https:\/\/chacosintesis.com.ar\/index.php\/wp-json\/wp\/v2\/posts\/25002\/revisions"}],"wp:featuredmedia":[{"embeddable":true,"href":"https:\/\/chacosintesis.com.ar\/index.php\/wp-json\/wp\/v2\/media\/25003"}],"wp:attachment":[{"href":"https:\/\/chacosintesis.com.ar\/index.php\/wp-json\/wp\/v2\/media?parent=25002"}],"wp:term":[{"taxonomy":"category","embeddable":true,"href":"https:\/\/chacosintesis.com.ar\/index.php\/wp-json\/wp\/v2\/categories?post=25002"},{"taxonomy":"post_tag","embeddable":true,"href":"https:\/\/chacosintesis.com.ar\/index.php\/wp-json\/wp\/v2\/tags?post=25002"}],"curies":[{"name":"wp","href":"https:\/\/api.w.org\/{rel}","templated":true}]}}