{"id":24998,"date":"2023-08-08T15:58:27","date_gmt":"2023-08-08T18:58:27","guid":{"rendered":"https:\/\/chacosintesis.com.ar\/?p=24998"},"modified":"2023-08-08T16:07:20","modified_gmt":"2023-08-08T19:07:20","slug":"murio-un-joven-en-el-perrando-con-una-herida-de-arma-de-fuego-en-la-cabeza","status":"publish","type":"post","link":"https:\/\/chacosintesis.com.ar\/index.php\/murio-un-joven-en-el-perrando-con-una-herida-de-arma-de-fuego-en-la-cabeza\/","title":{"rendered":"Muri\u00f3 un joven en el Perrando con una herida de arma de fuego en la cabeza"},"content":{"rendered":"<div class=\"postie-post\">La v\u00edctima se hab\u00eda reportado en la comisar\u00eda de Puerto Vilelas junto a otras dos personas, por lo que fue derivado inmediatamente al Hospital de Resistencia, donde se produjo su deceso.<br \/>\nUn hombre de 31 a\u00f1os muri\u00f3 este lunes minutos antes de la medianoche en el Hospital Perrando de Resistencia con diagn\u00f3stico de \u201cherida por arma de fuego en cr\u00e1neo\u201d, lo que le habr\u00eda provocado \u201cmuerte encef\u00e1lica con paro cardiorrespiratorio\u201d, de acuerdo a lo informado por la Polic\u00eda. Por el hecho hay dos personas detenidas.<br \/>\nSeg\u00fan el relato policial, la v\u00edctima lleg\u00f3 a la comisar\u00eda de Puerto Vilelas junto a otras dos personas en la madrugada del lunes (pasada la noche del domingo) con heridas en su rostro por lo que fue trasladado al Hospital Eva Per\u00f3n de Barranqueras y luego derivado al Perrando, donde finalmente falleci\u00f3.<br \/>\nEn contexto del hecho, la Polic\u00eda indic\u00f3 que se inici\u00f3 una investigaci\u00f3n que permiti\u00f3 la detenci\u00f3n de dos hombres de 30 y 34 a\u00f1os, a quienes se les realiz\u00f3 la prueba \u201cdermotest\u201d y terminaron involucrados en la causa \u201csupuesto homicidio\u201d. Adem\u00e1s, secuestraron un celular que ser\u00eda de la pareja de uno de ellos.<\/div>\n","protected":false},"excerpt":{"rendered":"<p>La v\u00edctima se hab\u00eda reportado en la comisar\u00eda de Puerto Vilelas junto a otras dos personas, por lo que fue derivado inmediatamente al Hospital de Resistencia, donde se produjo su deceso. Un hombre de 31 a\u00f1os muri\u00f3 este lunes minutos antes de la medianoche en el Hospital Perrando de Resistencia con diagn\u00f3stico de \u201cherida por [&hellip;]<\/p>\n","protected":false},"author":1,"featured_media":24999,"comment_status":"closed","ping_status":"closed","sticky":false,"template":"","format":"standard","meta":{"footnotes":""},"categories":[6],"tags":[],"class_list":{"0":"post-24998","1":"post","2":"type-post","3":"status-publish","4":"format-standard","5":"has-post-thumbnail","7":"category-chaco"},"_links":{"self":[{"href":"https:\/\/chacosintesis.com.ar\/index.php\/wp-json\/wp\/v2\/posts\/24998","targetHints":{"allow":["GET"]}}],"collection":[{"href":"https:\/\/chacosintesis.com.ar\/index.php\/wp-json\/wp\/v2\/posts"}],"about":[{"href":"https:\/\/chacosintesis.com.ar\/index.php\/wp-json\/wp\/v2\/types\/post"}],"author":[{"embeddable":true,"href":"https:\/\/chacosintesis.com.ar\/index.php\/wp-json\/wp\/v2\/users\/1"}],"replies":[{"embeddable":true,"href":"https:\/\/chacosintesis.com.ar\/index.php\/wp-json\/wp\/v2\/comments?post=24998"}],"version-history":[{"count":0,"href":"https:\/\/chacosintesis.com.ar\/index.php\/wp-json\/wp\/v2\/posts\/24998\/revisions"}],"wp:featuredmedia":[{"embeddable":true,"href":"https:\/\/chacosintesis.com.ar\/index.php\/wp-json\/wp\/v2\/media\/24999"}],"wp:attachment":[{"href":"https:\/\/chacosintesis.com.ar\/index.php\/wp-json\/wp\/v2\/media?parent=24998"}],"wp:term":[{"taxonomy":"category","embeddable":true,"href":"https:\/\/chacosintesis.com.ar\/index.php\/wp-json\/wp\/v2\/categories?post=24998"},{"taxonomy":"post_tag","embeddable":true,"href":"https:\/\/chacosintesis.com.ar\/index.php\/wp-json\/wp\/v2\/tags?post=24998"}],"curies":[{"name":"wp","href":"https:\/\/api.w.org\/{rel}","templated":true}]}}