{"id":24988,"date":"2023-08-08T15:40:03","date_gmt":"2023-08-08T18:40:03","guid":{"rendered":"https:\/\/chacosintesis.com.ar\/?p=24988"},"modified":"2023-08-08T16:06:56","modified_gmt":"2023-08-08T19:06:56","slug":"sera-construido-en-el-predio-del-campo-la-suiza-y-contara-con-habitaciones-cocinas-y-banos-entre-otras-dependencias","status":"publish","type":"post","link":"https:\/\/chacosintesis.com.ar\/index.php\/sera-construido-en-el-predio-del-campo-la-suiza-y-contara-con-habitaciones-cocinas-y-banos-entre-otras-dependencias\/","title":{"rendered":"Ser\u00e1 construido en el predio del campo La Suiza y contar\u00e1 con habitaciones, cocinas y ba\u00f1os, entre otras dependencias."},"content":{"rendered":"<div class=\"postie-post\">El Directorio de Loter\u00eda Chaque\u00f1a anunci\u00f3 la construcci\u00f3n de un albergue en el predio del Aeroclub de Villa \u00c1ngela, que permitir\u00e1 alojar a estudiantes de la escuela de vuelo, pilotos y tripulaciones.<br \/>\nEl anuncio se realiz\u00f3 luego de que el presidente de Loter\u00eda Chaque\u00f1a, Gabriel Lemos rubricara un acuerdo marco junto al titular del Aeroclub de Villa \u00c1ngela, Carlos Goicochea, escoltado en la ocasi\u00f3n por el vicepresidente H\u00e9ctor Huguet y el secretario V\u00edctor Abel D\u00edaz.<br \/>\nEste albergue ser\u00e1 construido en el predio del campo La Suiza y contar\u00e1 con habitaciones, cocinas y ba\u00f1os, entre otras dependencias. El objetivo es contar con un espacio de alojamiento adecuado para los alumnos de la escuela de vuelo.<br \/>\n\u201cTambi\u00e9n permitir\u00e1 alojar a los pilotos y tripulaciones de aeronaves de vuelos comerciales y nacionales\u201d, remarcaron las autoridades del Aeroclub de Villa \u00c1ngela.<\/div>\n","protected":false},"excerpt":{"rendered":"<p>El Directorio de Loter\u00eda Chaque\u00f1a anunci\u00f3 la construcci\u00f3n de un albergue en el predio del Aeroclub de Villa \u00c1ngela, que permitir\u00e1 alojar a estudiantes de la escuela de vuelo, pilotos y tripulaciones. El anuncio se realiz\u00f3 luego de que el presidente de Loter\u00eda Chaque\u00f1a, Gabriel Lemos rubricara un acuerdo marco junto al titular del Aeroclub [&hellip;]<\/p>\n","protected":false},"author":1,"featured_media":24989,"comment_status":"closed","ping_status":"closed","sticky":false,"template":"","format":"standard","meta":{"footnotes":""},"categories":[6],"tags":[],"class_list":{"0":"post-24988","1":"post","2":"type-post","3":"status-publish","4":"format-standard","5":"has-post-thumbnail","7":"category-chaco"},"_links":{"self":[{"href":"https:\/\/chacosintesis.com.ar\/index.php\/wp-json\/wp\/v2\/posts\/24988","targetHints":{"allow":["GET"]}}],"collection":[{"href":"https:\/\/chacosintesis.com.ar\/index.php\/wp-json\/wp\/v2\/posts"}],"about":[{"href":"https:\/\/chacosintesis.com.ar\/index.php\/wp-json\/wp\/v2\/types\/post"}],"author":[{"embeddable":true,"href":"https:\/\/chacosintesis.com.ar\/index.php\/wp-json\/wp\/v2\/users\/1"}],"replies":[{"embeddable":true,"href":"https:\/\/chacosintesis.com.ar\/index.php\/wp-json\/wp\/v2\/comments?post=24988"}],"version-history":[{"count":0,"href":"https:\/\/chacosintesis.com.ar\/index.php\/wp-json\/wp\/v2\/posts\/24988\/revisions"}],"wp:featuredmedia":[{"embeddable":true,"href":"https:\/\/chacosintesis.com.ar\/index.php\/wp-json\/wp\/v2\/media\/24989"}],"wp:attachment":[{"href":"https:\/\/chacosintesis.com.ar\/index.php\/wp-json\/wp\/v2\/media?parent=24988"}],"wp:term":[{"taxonomy":"category","embeddable":true,"href":"https:\/\/chacosintesis.com.ar\/index.php\/wp-json\/wp\/v2\/categories?post=24988"},{"taxonomy":"post_tag","embeddable":true,"href":"https:\/\/chacosintesis.com.ar\/index.php\/wp-json\/wp\/v2\/tags?post=24988"}],"curies":[{"name":"wp","href":"https:\/\/api.w.org\/{rel}","templated":true}]}}