{"id":24984,"date":"2023-08-08T15:34:46","date_gmt":"2023-08-08T18:34:46","guid":{"rendered":"https:\/\/chacosintesis.com.ar\/?p=24984"},"modified":"2023-08-08T15:40:53","modified_gmt":"2023-08-08T18:40:53","slug":"encuentro-regional-sobre-estado-abierto-en-resistencia-aportes-y-practicas-sobre-una-nueva-forma-de-gestionar","status":"publish","type":"post","link":"https:\/\/chacosintesis.com.ar\/index.php\/encuentro-regional-sobre-estado-abierto-en-resistencia-aportes-y-practicas-sobre-una-nueva-forma-de-gestionar\/","title":{"rendered":"Encuentro Regional sobre Estado Abierto en Resistencia: aportes y pr\u00e1cticas sobre una nueva forma de gestionar"},"content":{"rendered":"<div class=\"postie-post\">De las jornadas pueden participar trabajadoras y trabajadores de la administraci\u00f3n p\u00fablica provincial y local, representantes de organizaciones de la sociedad civil, academia y ciudadan\u00eda interesada. Desde ma\u00f1ana y hasta el viernes se desarrollar\u00e1, en el segundo piso de la Casa de las Culturas de Resistencia, el tercer encuentro regional de capacitaci\u00f3n del Programa Federal de Estado Abierto. Este evento tendr\u00e1 el objetivo de brindar herramientas conceptuales y pr\u00e1cticas sobre una nueva forma de gestionar, que implica el involucramiento de la ciudadan\u00eda, el di\u00e1logo permanente y la articulaci\u00f3n entre los actores gubernamentales y de la sociedad civil. Mariela Dolce, subsecretaria de Modernizaci\u00f3n del Estado, dialog\u00f3 con Chaco TV y dio m\u00e1s detalles sobre el encuentro.<br \/>\n\u201cNosotros desde la Subsecretaria de Modernizaci\u00f3n como pol\u00edtica de gobierno abierto tenemos todo un eje relacionado a la tem\u00e1tica donde se propicia la transparencia, los procesos, el acceso a la informaci\u00f3n p\u00fablica y los proyectos con participaci\u00f3n ciudadana\u201d, expres\u00f3. Asimismo, explic\u00f3 que este encuentro regional del NEA se organiza en conjunto con el Gobierno nacional y la Direcci\u00f3n Nacional de Gobierno Abierto.<br \/>\n\u201cSon encuentros o espacios de talleres de capacitaci\u00f3n donde no solamente est\u00e1 destinado para el agente p\u00fablico provincial, estamos convocando agentes p\u00fablicos municipales y de otros poderes como as\u00ed tambi\u00e9n a las organizaciones de la sociedad civil y sector acad\u00e9mico\u201d, se\u00f1al\u00f3 Dolce al mismo tiempo que a\u00f1adi\u00f3: \u201cEl objetivo es que distintos actores pensemos en estas tem\u00e1ticas, pensemos en lo que estamos llevando adelante como Gobierno para mejorar todas estas acciones\u201d.<br \/>\nPor \u00faltimo, avis\u00f3 que a\u00fan se encuentran disponibles las inscripciones para participar del encuentro. La misma se puede encontrar en las redes sociales de la Subsecretar\u00eda de Modernizaci\u00f3n o a trav\u00e9s del siguiente link: <a href=\"https:\/\/www.argentina.gob.ar\/jefatura\/innovacion-publica\/servicios-y-pais-digital\/gobierno-abierto\/programa-federal\/region-nea\">www.argentina.gob.ar\/jefatura\/innovacion-publica\/servicios-y-pais-digital\/gobierno-abierto\/programa-federal\/region-nea<\/a>. \u201cA todos los que les interesa trabajar con la tem\u00e1tica de datos abiertos, transparencia y proyectos con participaci\u00f3n ciudadana, este evento es un excelente \u00e1mbito de capacitaci\u00f3n con especialistas del gobierno nacional para poder seguir aprendiendo y coocreando entre todos\u201d, concluy\u00f3.<\/div>\n","protected":false},"excerpt":{"rendered":"<p>De las jornadas pueden participar trabajadoras y trabajadores de la administraci\u00f3n p\u00fablica provincial y local, representantes de organizaciones de la sociedad civil, academia y ciudadan\u00eda interesada. Desde ma\u00f1ana y hasta el viernes se desarrollar\u00e1, en el segundo piso de la Casa de las Culturas de Resistencia, el tercer encuentro regional de capacitaci\u00f3n del Programa Federal [&hellip;]<\/p>\n","protected":false},"author":1,"featured_media":24985,"comment_status":"closed","ping_status":"closed","sticky":false,"template":"","format":"standard","meta":{"footnotes":""},"categories":[6],"tags":[],"class_list":{"0":"post-24984","1":"post","2":"type-post","3":"status-publish","4":"format-standard","5":"has-post-thumbnail","7":"category-chaco"},"_links":{"self":[{"href":"https:\/\/chacosintesis.com.ar\/index.php\/wp-json\/wp\/v2\/posts\/24984","targetHints":{"allow":["GET"]}}],"collection":[{"href":"https:\/\/chacosintesis.com.ar\/index.php\/wp-json\/wp\/v2\/posts"}],"about":[{"href":"https:\/\/chacosintesis.com.ar\/index.php\/wp-json\/wp\/v2\/types\/post"}],"author":[{"embeddable":true,"href":"https:\/\/chacosintesis.com.ar\/index.php\/wp-json\/wp\/v2\/users\/1"}],"replies":[{"embeddable":true,"href":"https:\/\/chacosintesis.com.ar\/index.php\/wp-json\/wp\/v2\/comments?post=24984"}],"version-history":[{"count":0,"href":"https:\/\/chacosintesis.com.ar\/index.php\/wp-json\/wp\/v2\/posts\/24984\/revisions"}],"wp:featuredmedia":[{"embeddable":true,"href":"https:\/\/chacosintesis.com.ar\/index.php\/wp-json\/wp\/v2\/media\/24985"}],"wp:attachment":[{"href":"https:\/\/chacosintesis.com.ar\/index.php\/wp-json\/wp\/v2\/media?parent=24984"}],"wp:term":[{"taxonomy":"category","embeddable":true,"href":"https:\/\/chacosintesis.com.ar\/index.php\/wp-json\/wp\/v2\/categories?post=24984"},{"taxonomy":"post_tag","embeddable":true,"href":"https:\/\/chacosintesis.com.ar\/index.php\/wp-json\/wp\/v2\/tags?post=24984"}],"curies":[{"name":"wp","href":"https:\/\/api.w.org\/{rel}","templated":true}]}}