{"id":24980,"date":"2023-08-08T15:28:25","date_gmt":"2023-08-08T18:28:25","guid":{"rendered":"https:\/\/chacosintesis.com.ar\/?p=24980"},"modified":"2023-08-08T15:40:43","modified_gmt":"2023-08-08T18:40:43","slug":"el-gobierno-capacito-a-la-comunidad-de-el-impenetrable-en-los-planes-de-conservacion-del-tatu-carreta-y-el-pecari-quimilero","status":"publish","type":"post","link":"https:\/\/chacosintesis.com.ar\/index.php\/el-gobierno-capacito-a-la-comunidad-de-el-impenetrable-en-los-planes-de-conservacion-del-tatu-carreta-y-el-pecari-quimilero\/","title":{"rendered":"El Gobierno capacit\u00f3 a la comunidad de El Impenetrable en los planes de conservaci\u00f3n del tat\u00fa carreta y el pecar\u00ed quimilero"},"content":{"rendered":"<div class=\"postie-post\">\u201cEs importante establecer una articulaci\u00f3n con las comunidades locales, ya que son ellas quienes aportan informaci\u00f3n valiosa sobre la realidad del territorio\u201d, expres\u00f3 el subsecretario de Ambiente y Biodiversidad Tom\u00e1s Camarasa.<br \/>\nLa Subsecretar\u00eda de Ambiente y Biodiversidad realiz\u00f3 una serie de talleres participativos destinados al dise\u00f1o del Plan de Conservaci\u00f3n del Tat\u00fa Carreta y el Pecar\u00ed Quimilero, especies reconocidas como monumentos naturales provinciales.  De esta manera el Ministerio de Ambiente y Desarrollo Territorial Sostenible colabora con el Proyecto Quimilero y el Proyecto Tat\u00fa Carreta del Centro de Investigaciones del Bosque Atl\u00e1ntico (CeIBA). El objetivo principal de estos talleres, horizontales y participativos, es brindar a las poblaciones locales, ind\u00edgenas y criollas, la oportunidad de dar su percepci\u00f3n acerca de los desaf\u00edos que enfrentan en la conservaci\u00f3n de estas especies y proponer soluciones. \u201cEs importante establecer una articulaci\u00f3n con las comunidades locales, ya que son ellas quienes aportan informaci\u00f3n valiosa sobre la realidad del territorio\u201d, expres\u00f3 el subsecretario de Ambiente y Biodiversidad Tom\u00e1s Camarasa. La primera serie de encuentros se desarrollaron el 3, 4 y 5 de agosto en distintos parajes de El Impenetrable Chaque\u00f1o, donde se presume la presencia de estas especies. \u201cLos resultados y datos recopilados en estos talleres ser\u00e1n sistematizados y trabajados junto a especialistas para dar forma a pol\u00edticas p\u00fablicas de conservaci\u00f3n que tengan en cuenta las necesidades y perspectivas de las poblaciones locales\u201d, remarc\u00f3 el funcionario provincial. Estas iniciativas se enmarcan dentro del convenio 169 de la Organizaci\u00f3n Internacional del Trabajo (OIT) que reconoce y respeta las aspiraciones de los pueblos ind\u00edgenas de asumir el control de sus instituciones, formas de vida, desarrollo econ\u00f3mico, as\u00ed como mantener y fortalecer sus identidades, lenguas y religiones. Tambi\u00e9n se destaca la particular contribuci\u00f3n de los pueblos ind\u00edgenas a la diversidad cultural, a la armon\u00eda social y ecol\u00f3gica de la humanidad, y a la cooperaci\u00f3n y comprensi\u00f3n internacional. \u201cLas jornadas se llevaron a cabo junto a personas que habitan en los alrededores del Parque Natural Provincial Fuerte Esperanza, el Parque Natural Provincial Loro Hablador y en las localidades de Comandancia Fr\u00edas y Pompeya\u201d, finaliz\u00f3 Camarasa. Los talleres contaron con la participaci\u00f3n, adem\u00e1s del subsecretario de Ambiente y Biodiversidad Tom\u00e1s Camarasa, de la directora del proyecto Quimilero Micaela Camino, como as\u00ed tambi\u00e9n bi\u00f3logos, guardaparques especializados y pobladores locales de comunidades ind\u00edgenas y campesinas. En el Parque Provincial Fuerte Esperanza acompa\u00f1\u00f3 la intendenta de la localidad, In\u00e9s Ortega, y en el Parque Provincial Loro Hablador, represent\u00f3 al Parque Nacional Copo el intendente Guillermo Carignano.<br \/>\n Protecci\u00f3n y recuperaci\u00f3n<br \/>\nEl Tat\u00fa Carreta (Priodontes maximus) y el Pecar\u00ed Quimilero (Catagonus wagneri) est\u00e1n protegidos por la Ley N\u00b0 882-R de Monumentos Naturales Provinciales, en un esfuerzo por asegurar su protecci\u00f3n y promover la recuperaci\u00f3n de estas especies que se encuentran amenazadas o en peligro de extinci\u00f3n.<\/p>\n<p>Proyecto Quimilero: Conservando la esencia del Chaco Seco<br \/>\nEl proyecto Quimilero, ideado y liderado por Micaela Camino, bi\u00f3loga e investigadora del CONICET en el Centro de Ecolog\u00eda Aplicada del Litoral (CECOAL, CONICET \u2013 UNNE), se cre\u00f3 en 2015 con el objetivo de investigar y conservar al quimilero, otras especies y su h\u00e1bitat en la provincia, trabajando con una visi\u00f3n integradora donde los pobladores locales tienen un rol en la conservaci\u00f3n con inclusi\u00f3n social, el respeto de las diversas culturas y para el desarrollo sustentable de la regi\u00f3n. El quimilero, end\u00e9mico del Chaco Seco, forma parte del grupo de mam\u00edferos ungulados. Es el pecar\u00ed m\u00e1s grande entre los tres existentes en la regi\u00f3n, junto con el pecar\u00ed de collar y el pecar\u00ed labiado. Puede alcanzar m\u00e1s de un metro de longitud y llegar a pesar hasta 40 kilos en su etapa adulta. Adem\u00e1s abarca diversas dimensiones de trabajo, que van desde investigaciones y monitoreo de la fauna hasta el intercambio de conocimientos entre la comunidad cient\u00edfica y las poblaciones locales, adem\u00e1s del fortalecimiento de capacidades locales. \u201cLa participaci\u00f3n activa de las comunidades del Chaco es clave para proteger esta especie y su singular camino evolutivo, estas comunidades son parte de pueblos originarios y familias criollas y otorgan un gran valor cultural al quimilero\u201d, explic\u00f3 el subsecretario.<\/p>\n<p>Proyecto Tat\u00fa Carreta: una especie emblem\u00e1tica<br \/>\nEl proyecto Tat\u00fa Carreta, iniciado en 2017 en colaboraci\u00f3n con el Projeto Tatu Canastra de Brasil, tiene como objetivo el estudio y conservaci\u00f3n del tat\u00fa carreta en su distribuci\u00f3n m\u00e1s austral, en la regi\u00f3n chaque\u00f1a, donde su ecolog\u00eda y estado de conservaci\u00f3n son poco conocidos. El proyecto es impulsado por el Centro de Investigaciones del Bosque Atl\u00e1ntico (CeIBA), una asociaci\u00f3n civil sin fines de lucro, creada el 30 de abril de 2005. Persigue el objetivo de generar conocimiento cient\u00edfico sobre la ecolog\u00eda, la conservaci\u00f3n y el manejo de la biodiversidad. \u201cEl tat\u00fa carreta requiere de bosque chaque\u00f1o en buen estado de conservaci\u00f3n. Adem\u00e1s, construye numerosas y amplias madrigueras, mucho m\u00e1s grandes que las de cualquier otro armadillo, utilizadas como refugio durante el d\u00eda y para obtener alimento. Estas madrigueras tambi\u00e9n ofrecen protecci\u00f3n contra depredadores y temperaturas extremas, y sirven como fuente de alimento para otras especies\u201d, finaliz\u00f3 Tom\u00e1s Camarasa.<\/p><\/div>\n","protected":false},"excerpt":{"rendered":"<p>\u201cEs importante establecer una articulaci\u00f3n con las comunidades locales, ya que son ellas quienes aportan informaci\u00f3n valiosa sobre la realidad del territorio\u201d, expres\u00f3 el subsecretario de Ambiente y Biodiversidad Tom\u00e1s Camarasa. La Subsecretar\u00eda de Ambiente y Biodiversidad realiz\u00f3 una serie de talleres participativos destinados al dise\u00f1o del Plan de Conservaci\u00f3n del Tat\u00fa Carreta y el [&hellip;]<\/p>\n","protected":false},"author":1,"featured_media":24981,"comment_status":"closed","ping_status":"closed","sticky":false,"template":"","format":"standard","meta":{"footnotes":""},"categories":[6],"tags":[],"class_list":{"0":"post-24980","1":"post","2":"type-post","3":"status-publish","4":"format-standard","5":"has-post-thumbnail","7":"category-chaco"},"_links":{"self":[{"href":"https:\/\/chacosintesis.com.ar\/index.php\/wp-json\/wp\/v2\/posts\/24980","targetHints":{"allow":["GET"]}}],"collection":[{"href":"https:\/\/chacosintesis.com.ar\/index.php\/wp-json\/wp\/v2\/posts"}],"about":[{"href":"https:\/\/chacosintesis.com.ar\/index.php\/wp-json\/wp\/v2\/types\/post"}],"author":[{"embeddable":true,"href":"https:\/\/chacosintesis.com.ar\/index.php\/wp-json\/wp\/v2\/users\/1"}],"replies":[{"embeddable":true,"href":"https:\/\/chacosintesis.com.ar\/index.php\/wp-json\/wp\/v2\/comments?post=24980"}],"version-history":[{"count":0,"href":"https:\/\/chacosintesis.com.ar\/index.php\/wp-json\/wp\/v2\/posts\/24980\/revisions"}],"wp:featuredmedia":[{"embeddable":true,"href":"https:\/\/chacosintesis.com.ar\/index.php\/wp-json\/wp\/v2\/media\/24981"}],"wp:attachment":[{"href":"https:\/\/chacosintesis.com.ar\/index.php\/wp-json\/wp\/v2\/media?parent=24980"}],"wp:term":[{"taxonomy":"category","embeddable":true,"href":"https:\/\/chacosintesis.com.ar\/index.php\/wp-json\/wp\/v2\/categories?post=24980"},{"taxonomy":"post_tag","embeddable":true,"href":"https:\/\/chacosintesis.com.ar\/index.php\/wp-json\/wp\/v2\/tags?post=24980"}],"curies":[{"name":"wp","href":"https:\/\/api.w.org\/{rel}","templated":true}]}}