{"id":24976,"date":"2023-08-08T09:11:02","date_gmt":"2023-08-08T12:11:02","guid":{"rendered":"https:\/\/chacosintesis.com.ar\/?p=24976"},"modified":"2023-08-08T09:37:19","modified_gmt":"2023-08-08T12:37:19","slug":"zderovamos-a-recuperar-la-dignidad-de-los-chaquenos-de-la-mano-del-trabajo","status":"publish","type":"post","link":"https:\/\/chacosintesis.com.ar\/index.php\/zderovamos-a-recuperar-la-dignidad-de-los-chaquenos-de-la-mano-del-trabajo\/","title":{"rendered":"Zdero:&#8221;Vamos a recuperar la dignidad de los chaque\u00f1os de la mano del trabajo&#8221;"},"content":{"rendered":"<div class=\"postie-post\">Leandro Zdero, candidato a gobernador de Juntos por el Cambio, acompa\u00f1\u00f3 en Margarita Bel\u00e9n el Festival Regional del \u201cChip\u00e1\u201d Cuerito y la Torta Parrilla, durante este fin de semana. \u201cVenimos a apoyar, como lo hicimos siempre, a los vecinos en esta actividad porque representa un sello propio aqu\u00ed en la localidad. Un concurso que adem\u00e1s impulsa la presencia de los emprendedores, quienes ofrecen sus productos, de nuestra m\u00fasica y ese sentido de pertenencia de trabajar codo a codo por un Chaco con igualdad de oportunidades\u201d- manifest\u00f3.<br \/>\nZdero, en sus recorridas por los diferentes stands, estuvo acompa\u00f1ado por Rub\u00e9n Hern\u00e1n Custiniano, candidato a Intendente en Margarita Bel\u00e9n y Carolina Meiri\u00f1o, candidata a diputada nacional de Juntos por el Cambio. \u201cVamos a seguir apoyando las actividades locales y\/o regionales en cada municipio y a generar las oportunidades de progresar con la gente que quiere salir adelante y ser jefes de su propio esfuerzo, apoyando los emprendimientos productivos, acompa\u00f1ando al que produce y trabaja, porque creemos que el Chaco va a recuperar la dignidad de la mano del trabajo\u201d- agreg\u00f3 Zdero.<br \/>\nRUB\u00c9N HERN\u00c1N CUSTINIANO: \u201cAGRADECEMOS EL ACOMPA\u00d1AMIENTO DE LEANDRO\u201d<br \/>\nPor su parte, Rub\u00e9n Hern\u00e1n Custiniano, candidato a Intendente de Juntos por el Cambio, manifest\u00f3: \u201cAgradecemos la presencia de Leandro por su compromiso de estar con la gente y acompa\u00f1ar siempre a los dirigentes del interior. Este Festival Regional del Chip\u00e1 Cuerito y la Torta Parrilla, involucra a muchos vecinos con la actividad y la vamos a continuar cuando asuma la intendencia aqu\u00ed en Margarita Bel\u00e9n. Adem\u00e1s, nos vamos a ocupar de trabajar mancomunadamente con Leandro para mejorar la salud, la educaci\u00f3n y revalorizar la parte cultural que tanto nos hace falta. La gente nos pide mayor compromiso y por eso, estamos en contacto con los vecinos a diario llevando nuestras mejores propuestas\u201d.<\/div>\n","protected":false},"excerpt":{"rendered":"<p>Leandro Zdero, candidato a gobernador de Juntos por el Cambio, acompa\u00f1\u00f3 en Margarita Bel\u00e9n el Festival Regional del \u201cChip\u00e1\u201d Cuerito y la Torta Parrilla, durante este fin de semana. \u201cVenimos a apoyar, como lo hicimos siempre, a los vecinos en esta actividad porque representa un sello propio aqu\u00ed en la localidad. Un concurso que adem\u00e1s [&hellip;]<\/p>\n","protected":false},"author":1,"featured_media":24977,"comment_status":"closed","ping_status":"closed","sticky":false,"template":"","format":"standard","meta":{"footnotes":""},"categories":[6],"tags":[],"class_list":{"0":"post-24976","1":"post","2":"type-post","3":"status-publish","4":"format-standard","5":"has-post-thumbnail","7":"category-chaco"},"_links":{"self":[{"href":"https:\/\/chacosintesis.com.ar\/index.php\/wp-json\/wp\/v2\/posts\/24976","targetHints":{"allow":["GET"]}}],"collection":[{"href":"https:\/\/chacosintesis.com.ar\/index.php\/wp-json\/wp\/v2\/posts"}],"about":[{"href":"https:\/\/chacosintesis.com.ar\/index.php\/wp-json\/wp\/v2\/types\/post"}],"author":[{"embeddable":true,"href":"https:\/\/chacosintesis.com.ar\/index.php\/wp-json\/wp\/v2\/users\/1"}],"replies":[{"embeddable":true,"href":"https:\/\/chacosintesis.com.ar\/index.php\/wp-json\/wp\/v2\/comments?post=24976"}],"version-history":[{"count":0,"href":"https:\/\/chacosintesis.com.ar\/index.php\/wp-json\/wp\/v2\/posts\/24976\/revisions"}],"wp:featuredmedia":[{"embeddable":true,"href":"https:\/\/chacosintesis.com.ar\/index.php\/wp-json\/wp\/v2\/media\/24977"}],"wp:attachment":[{"href":"https:\/\/chacosintesis.com.ar\/index.php\/wp-json\/wp\/v2\/media?parent=24976"}],"wp:term":[{"taxonomy":"category","embeddable":true,"href":"https:\/\/chacosintesis.com.ar\/index.php\/wp-json\/wp\/v2\/categories?post=24976"},{"taxonomy":"post_tag","embeddable":true,"href":"https:\/\/chacosintesis.com.ar\/index.php\/wp-json\/wp\/v2\/tags?post=24976"}],"curies":[{"name":"wp","href":"https:\/\/api.w.org\/{rel}","templated":true}]}}