{"id":24958,"date":"2023-08-07T11:36:16","date_gmt":"2023-08-07T14:36:16","guid":{"rendered":"https:\/\/chacosintesis.com.ar\/?p=24958"},"modified":"2023-08-07T11:36:50","modified_gmt":"2023-08-07T14:36:50","slug":"zdero-en-margarita-belen-cuando-le-va-bien-al-campo-le-va-bien-a-cada-rincon-del-chaco","status":"publish","type":"post","link":"https:\/\/chacosintesis.com.ar\/index.php\/zdero-en-margarita-belen-cuando-le-va-bien-al-campo-le-va-bien-a-cada-rincon-del-chaco\/","title":{"rendered":"Zdero en Margarita Bel\u00e9n: &#8220;Cuando le va bien al campo, le va bien a cada rinc\u00f3n del Chaco&#8221;"},"content":{"rendered":"<div class=\"postie-post\">Leandro Zdero, candidato a gobernador de Juntos por el Cambio, acompa\u00f1\u00f3 la Expo Rural Chaco 2023, que se desarroll\u00f3 este fin de semana en la localidad de Margarita Bel\u00e9n. \u201cEsta exposici\u00f3n, es una muestra m\u00e1s de nuestro campo, de lo que significa el desarrollo y el crecimiento del sector. Por eso, estoy presente, en contacto con el gran trabajo que vienen realizando todos y cada uno de los productores y porque estoy convencido que de la mano del campo vamos a sacar el Chaco adelante\u201d<br \/>\nDurante la jornada del s\u00e1bado, Zdero estuvo recorriendo los diferentes stands y sobre la importancia de esta muestra agreg\u00f3: \u201cFelicito a quienes forman parte de la Comisi\u00f3n Directiva de la Sociedad Rural del Chaco, a Marcos Pastori, su presidente, y fundamentalmente a los productores, a los caba\u00f1eros, que vienen a mostrar su producci\u00f3n que es un orgullo para nuestro Chaco. Un agradecimiento a la familia Mart\u00edn, hoy estamos en este predio, que nos permite disfrutar de esta muestra y la tarea que lleva adelante la Sociedad Rural que fuera donado oportunamente por su padre, por eso, un reconocimiento muy especial a toda la familia\u201d.<br \/>\nNUESTRA POL\u00cdTICA DE ESTADO SER\u00c1 ACOMPA\u00d1AR SIEMPRE AL CAMPO<br \/>\n\u201cVamos a establecer como pol\u00edtica de estado nuestro acompa\u00f1amiento y una alianza con el sector; es el primer eslab\u00f3n de la cadena productiva en nuestra provincia y cuando le va bien al campo, le va bien a cada rinc\u00f3n del Chaco. Avanzaremos fuertemente para que tengan mejor desarrollo en su trabajo, con caminos en condiciones, con viviendas rurales y la electrificaci\u00f3n rural, una demanda tan repetida en muchas zonas. No es tiempo para la especulaci\u00f3n y la improvisaci\u00f3n, vamos a establecer esa alianza con el campo con propuestas de pol\u00edticas y un plan de estado porque son los que dinamizan nuestra econom\u00eda todo el a\u00f1o\u201d- concluy\u00f3.<br \/>\nZdero, estuvo acompa\u00f1ado por su precandidato a Intendente en Margarita Bel\u00e9n, Rub\u00e9n Hern\u00e1n Custiniano y por el precandidato a diputado provincial, Dr. Carlos Salom.<\/div>\n","protected":false},"excerpt":{"rendered":"<p>Leandro Zdero, candidato a gobernador de Juntos por el Cambio, acompa\u00f1\u00f3 la Expo Rural Chaco 2023, que se desarroll\u00f3 este fin de semana en la localidad de Margarita Bel\u00e9n. \u201cEsta exposici\u00f3n, es una muestra m\u00e1s de nuestro campo, de lo que significa el desarrollo y el crecimiento del sector. Por eso, estoy presente, en contacto [&hellip;]<\/p>\n","protected":false},"author":1,"featured_media":24959,"comment_status":"closed","ping_status":"closed","sticky":false,"template":"","format":"standard","meta":{"footnotes":""},"categories":[6],"tags":[],"class_list":{"0":"post-24958","1":"post","2":"type-post","3":"status-publish","4":"format-standard","5":"has-post-thumbnail","7":"category-chaco"},"_links":{"self":[{"href":"https:\/\/chacosintesis.com.ar\/index.php\/wp-json\/wp\/v2\/posts\/24958","targetHints":{"allow":["GET"]}}],"collection":[{"href":"https:\/\/chacosintesis.com.ar\/index.php\/wp-json\/wp\/v2\/posts"}],"about":[{"href":"https:\/\/chacosintesis.com.ar\/index.php\/wp-json\/wp\/v2\/types\/post"}],"author":[{"embeddable":true,"href":"https:\/\/chacosintesis.com.ar\/index.php\/wp-json\/wp\/v2\/users\/1"}],"replies":[{"embeddable":true,"href":"https:\/\/chacosintesis.com.ar\/index.php\/wp-json\/wp\/v2\/comments?post=24958"}],"version-history":[{"count":0,"href":"https:\/\/chacosintesis.com.ar\/index.php\/wp-json\/wp\/v2\/posts\/24958\/revisions"}],"wp:featuredmedia":[{"embeddable":true,"href":"https:\/\/chacosintesis.com.ar\/index.php\/wp-json\/wp\/v2\/media\/24959"}],"wp:attachment":[{"href":"https:\/\/chacosintesis.com.ar\/index.php\/wp-json\/wp\/v2\/media?parent=24958"}],"wp:term":[{"taxonomy":"category","embeddable":true,"href":"https:\/\/chacosintesis.com.ar\/index.php\/wp-json\/wp\/v2\/categories?post=24958"},{"taxonomy":"post_tag","embeddable":true,"href":"https:\/\/chacosintesis.com.ar\/index.php\/wp-json\/wp\/v2\/tags?post=24958"}],"curies":[{"name":"wp","href":"https:\/\/api.w.org\/{rel}","templated":true}]}}