{"id":24952,"date":"2023-08-07T10:05:45","date_gmt":"2023-08-07T13:05:45","guid":{"rendered":"https:\/\/chacosintesis.com.ar\/?p=24952"},"modified":"2023-08-07T10:06:44","modified_gmt":"2023-08-07T13:06:44","slug":"capitanich-la-oposicion-ya-mostro-todo-lo-que-es-capaz-de-hacer-y-pagamos-las-consecuencias","status":"publish","type":"post","link":"https:\/\/chacosintesis.com.ar\/index.php\/capitanich-la-oposicion-ya-mostro-todo-lo-que-es-capaz-de-hacer-y-pagamos-las-consecuencias\/","title":{"rendered":"Capitanich: \u201cLa oposici\u00f3n ya mostr\u00f3 todo lo que es capaz de hacer y pagamos las consecuencias\u201d"},"content":{"rendered":"<div class=\"postie-post\">En el tramo final de la campa\u00f1a de cara a las Primarias Abiertas, Simult\u00e1neas y Obligatorias (PASO) nacionales, el titular del Poder Ejecutivo chaque\u00f1o record\u00f3 que hay \u201cdos modelos\u201d en pugna. \u201cNosotros proponemos la dignidad de la Rep\u00fablica Argentina, ellos solamente el ajuste brutal, cierre de industrias, aumento del desempleo\u201d, sintetiz\u00f3.<\/p>\n<p>En el cierre del fin de semana y en un mensaje a trav\u00e9s de sus redes sociales, el gobernador Jorge Capitanich realiz\u00f3 un contundente respaldo para la f\u00f3rmula presidencial de Uni\u00f3n por la Patria (UxP) integrada por Sergio Massa y Agust\u00edn Rossi, y pidi\u00f3 a la comunidad el acompa\u00f1amiento a esta propuesta en las elecciones Primarias, Abiertas, Simult\u00e1neas y Obligatorias (PASO) nacionales del domingo 13 de agosto. El primer mandatario provincial record\u00f3 que el \u201cmodelo de ajuste brutal\u201d que propone la oposici\u00f3n ya se cobr\u00f3 \u201cmuchas v\u00edctimas\u201d: 250.000 empleos perdidos, ca\u00edda del PIB de 5%, y 100.000 millones de d\u00f3lares de deuda extranjera \u201csolamente para la especulaci\u00f3n financiera, para pagarle a los fondos buitre y para pagarle a los amigos de (el ex presidente, Mauricio) Macri\u201d, sentenci\u00f3.<br \/>\n En esa l\u00ednea, el gobernador indic\u00f3 que el Chaco sufri\u00f3 las consecuencias de ese modelo, con \u201cuna ca\u00edda estrepitosa del PBI y la p\u00e9rdida de empleos; por ejemplo, con el cierre de la TN Platex\u201d. \u201cHoy estamos en el r\u00e9cord de generaci\u00f3n de empleo privado formal y eso lo hicimos con pol\u00edticas p\u00fablicas, con incentivos al empleo\u201d, contrast\u00f3 el mandatario y a\u00f1adi\u00f3: \u201cPor lo tanto, son dos modelos distintos: el nuestro, que propone la dignidad de la Rep\u00fablica Argentina, la defensa de su soberan\u00eda, la recuperaci\u00f3n sostenida del empleo y el desarrollo de base industrial; y el de ellos, que solamente proponen ajuste brutal, cierre de industrias, aumento de desempleo y, por supuesto, agudizaci\u00f3n de las condiciones de pobreza\u201d.<\/p>\n<p>Capitanich asegur\u00f3 que en los cuatro a\u00f1os que van del 2015 al 2019, la oposici\u00f3n \u201cdemostr\u00f3  todo lo que es capaz de hacer y pagamos las consecuencias\u201d. \u201cNosotros, con pandemia, con la guerra Ucrania-Rusia, con la peor sequ\u00eda de la historia, con todas las condiciones adversas; a\u00fan as\u00ed estamos de pie para generar las condiciones de la recuperaci\u00f3n que Argentina necesita\u201d, concluy\u00f3.<\/p><\/div>\n","protected":false},"excerpt":{"rendered":"<p>En el tramo final de la campa\u00f1a de cara a las Primarias Abiertas, Simult\u00e1neas y Obligatorias (PASO) nacionales, el titular del Poder Ejecutivo chaque\u00f1o record\u00f3 que hay \u201cdos modelos\u201d en pugna. \u201cNosotros proponemos la dignidad de la Rep\u00fablica Argentina, ellos solamente el ajuste brutal, cierre de industrias, aumento del desempleo\u201d, sintetiz\u00f3. En el cierre del [&hellip;]<\/p>\n","protected":false},"author":1,"featured_media":24953,"comment_status":"closed","ping_status":"closed","sticky":false,"template":"","format":"standard","meta":{"footnotes":""},"categories":[6],"tags":[],"class_list":{"0":"post-24952","1":"post","2":"type-post","3":"status-publish","4":"format-standard","5":"has-post-thumbnail","7":"category-chaco"},"_links":{"self":[{"href":"https:\/\/chacosintesis.com.ar\/index.php\/wp-json\/wp\/v2\/posts\/24952","targetHints":{"allow":["GET"]}}],"collection":[{"href":"https:\/\/chacosintesis.com.ar\/index.php\/wp-json\/wp\/v2\/posts"}],"about":[{"href":"https:\/\/chacosintesis.com.ar\/index.php\/wp-json\/wp\/v2\/types\/post"}],"author":[{"embeddable":true,"href":"https:\/\/chacosintesis.com.ar\/index.php\/wp-json\/wp\/v2\/users\/1"}],"replies":[{"embeddable":true,"href":"https:\/\/chacosintesis.com.ar\/index.php\/wp-json\/wp\/v2\/comments?post=24952"}],"version-history":[{"count":0,"href":"https:\/\/chacosintesis.com.ar\/index.php\/wp-json\/wp\/v2\/posts\/24952\/revisions"}],"wp:featuredmedia":[{"embeddable":true,"href":"https:\/\/chacosintesis.com.ar\/index.php\/wp-json\/wp\/v2\/media\/24953"}],"wp:attachment":[{"href":"https:\/\/chacosintesis.com.ar\/index.php\/wp-json\/wp\/v2\/media?parent=24952"}],"wp:term":[{"taxonomy":"category","embeddable":true,"href":"https:\/\/chacosintesis.com.ar\/index.php\/wp-json\/wp\/v2\/categories?post=24952"},{"taxonomy":"post_tag","embeddable":true,"href":"https:\/\/chacosintesis.com.ar\/index.php\/wp-json\/wp\/v2\/tags?post=24952"}],"curies":[{"name":"wp","href":"https:\/\/api.w.org\/{rel}","templated":true}]}}