{"id":24950,"date":"2023-08-07T10:02:24","date_gmt":"2023-08-07T13:02:24","guid":{"rendered":"https:\/\/chacosintesis.com.ar\/?p=24950"},"modified":"2023-08-07T10:06:39","modified_gmt":"2023-08-07T13:06:39","slug":"general-pineso-un-hombre-pierde-la-vida-en-un-accidente-en-ruta-89","status":"publish","type":"post","link":"https:\/\/chacosintesis.com.ar\/index.php\/general-pineso-un-hombre-pierde-la-vida-en-un-accidente-en-ruta-89\/","title":{"rendered":"General Pineso: Un hombre pierde la vida en un accidente en ruta 89"},"content":{"rendered":"<div class=\"postie-post\">Ocurri\u00f3 anoche en la Ruta 89 en el kil\u00f3metro 256 donde una camioneta choc\u00f3 de frente con un autom\u00f3vil. El fallecido ten\u00eda 46 a\u00f1os.<br \/>\n Pasadas las 20 una camioneta Toyota Hilux color negra la que era ocupada por dos hombres de 46 y 38 colision\u00f3 de frente contra un Renault que era guiado por el masculino que perdi\u00f3 la vida, tambi\u00e9n de 46 a\u00f1os de edad.<br \/>\n El fallecido fue identificado como Gustavo Horacio Pennisi, quien perec\u00eda dentro de su autom\u00f3vil que se encontraba destruido en el frente y lateral izquierdo.<br \/>\n Finalmente, conforme lo dispuesto por la Magistratura en Turno, tom\u00f3 intervenci\u00f3n el Gabinete Cient\u00edfico y el M\u00e9dico Forense del Poder Judicial<\/p>\n<\/div>\n","protected":false},"excerpt":{"rendered":"<p>Ocurri\u00f3 anoche en la Ruta 89 en el kil\u00f3metro 256 donde una camioneta choc\u00f3 de frente con un autom\u00f3vil. El fallecido ten\u00eda 46 a\u00f1os. Pasadas las 20 una camioneta Toyota Hilux color negra la que era ocupada por dos hombres de 46 y 38 colision\u00f3 de frente contra un Renault que era guiado por el [&hellip;]<\/p>\n","protected":false},"author":1,"featured_media":24951,"comment_status":"closed","ping_status":"closed","sticky":false,"template":"","format":"standard","meta":{"footnotes":""},"categories":[6],"tags":[197],"class_list":{"0":"post-24950","1":"post","2":"type-post","3":"status-publish","4":"format-standard","5":"has-post-thumbnail","7":"category-chaco","8":"tag-destacada"},"_links":{"self":[{"href":"https:\/\/chacosintesis.com.ar\/index.php\/wp-json\/wp\/v2\/posts\/24950","targetHints":{"allow":["GET"]}}],"collection":[{"href":"https:\/\/chacosintesis.com.ar\/index.php\/wp-json\/wp\/v2\/posts"}],"about":[{"href":"https:\/\/chacosintesis.com.ar\/index.php\/wp-json\/wp\/v2\/types\/post"}],"author":[{"embeddable":true,"href":"https:\/\/chacosintesis.com.ar\/index.php\/wp-json\/wp\/v2\/users\/1"}],"replies":[{"embeddable":true,"href":"https:\/\/chacosintesis.com.ar\/index.php\/wp-json\/wp\/v2\/comments?post=24950"}],"version-history":[{"count":0,"href":"https:\/\/chacosintesis.com.ar\/index.php\/wp-json\/wp\/v2\/posts\/24950\/revisions"}],"wp:featuredmedia":[{"embeddable":true,"href":"https:\/\/chacosintesis.com.ar\/index.php\/wp-json\/wp\/v2\/media\/24951"}],"wp:attachment":[{"href":"https:\/\/chacosintesis.com.ar\/index.php\/wp-json\/wp\/v2\/media?parent=24950"}],"wp:term":[{"taxonomy":"category","embeddable":true,"href":"https:\/\/chacosintesis.com.ar\/index.php\/wp-json\/wp\/v2\/categories?post=24950"},{"taxonomy":"post_tag","embeddable":true,"href":"https:\/\/chacosintesis.com.ar\/index.php\/wp-json\/wp\/v2\/tags?post=24950"}],"curies":[{"name":"wp","href":"https:\/\/api.w.org\/{rel}","templated":true}]}}