{"id":24912,"date":"2023-08-06T11:40:44","date_gmt":"2023-08-06T14:40:44","guid":{"rendered":"https:\/\/chacosintesis.com.ar\/?p=24912"},"modified":"2023-08-06T11:42:41","modified_gmt":"2023-08-06T14:42:41","slug":"con-la-coronacion-de-su-representante-concluyo-una-inolvidable-fiesta-del-algodon","status":"publish","type":"post","link":"https:\/\/chacosintesis.com.ar\/index.php\/con-la-coronacion-de-su-representante-concluyo-una-inolvidable-fiesta-del-algodon\/","title":{"rendered":"Con la coronaci\u00f3n de su representante, concluy\u00f3 una inolvidable Fiesta del Algod\u00f3n"},"content":{"rendered":"<div class=\"postie-post\">Serena Ailen Barbatti Acosta, de Presidencia Roque S\u00e1enz Pe\u00f1a, fue elegida representante de la 30\u00b0 edici\u00f3n.<\/p>\n<p>La Fiesta del Algod\u00f3n present\u00f3 una imponente jornada acompa\u00f1ada de un buen clima, expositores y las propuestas del escenario, que concluyeron con la actuaci\u00f3n de El Chaque\u00f1o Palavecino.<br \/>\nA la propuesta de los m\u00e1s de 80 expositores, se sum\u00f3 una amplia variedad gastron\u00f3mica y actividades para toda la familia. Tras una colorida y emocionante ceremonia, Serena Ailen Barbatti Acosta, de Presidencia Roque S\u00e1enz Pe\u00f1a fue elegida representante de la 30\u00b0 edici\u00f3n de la Fiesta del Algod\u00f3n. Cabe destacar que las pasadas fueron acompa\u00f1adas por prendas de Chac\u00fa y del dise\u00f1ador local Luciano Lapasini.<\/p>\n<p>Conjunci\u00f3n p\u00fablico-privada<br \/>\n En esta ocasi\u00f3n, Santiago P\u00e9rez Pons, ministro de Planificaci\u00f3n, Infraestructura y Econom\u00eda de la provincia del Chaco, visit\u00f3 la muestra en la segunda jornada, y destac\u00f3 el trabajo de organizaci\u00f3n de empresas privadas, junto a las instituciones, adem\u00e1s del acompa\u00f1amiento de los empresarios expositores. \u201cLa verdad que estamos muy felices de haber recuperado la Fiesta Nacional de Algod\u00f3n el a\u00f1o pasado, sin ellos ser\u00eda imposible poder mostrarle a la ciudadan\u00eda, la fortaleza del algod\u00f3n; no solamente de la producci\u00f3n, sino de toda la cadena\u201d, ponder\u00f3.<br \/>\n\u201cComo ministro de Econom\u00eda, cada vez que me presento en un stand veo los avances, principalmente de la modernizaci\u00f3n y la tecnolog\u00eda, de la producci\u00f3n del chaco, de las empresas regionales, argentinas, y eso me da mucho orgullo y me da mucho conocimiento tambi\u00e9n\u201d, agreg\u00f3.<br \/>\nAdem\u00e1s, P\u00e9rez Pons destac\u00f3 el rol del INTA en la zona, para la innovaci\u00f3n y desarrollo, para el Chaco y el pa\u00eds. \u201cComo Estado, es un compromiso dar los recursos necesarios para que una instituci\u00f3n de esa magnitud pueda generar desarrollo, econom\u00eda del conocimiento, capacitaci\u00f3n, capacidad de generar al sector privado, pero tambi\u00e9n al sector p\u00fablico\u201d. \u201cMe parece que no solamente es un desarrollo de trabajo con el sector privado, sino que la importancia de tener un gobierno y un Estado que pone los recursos necesarios a instituciones como el INTA. Eso muestra tambi\u00e9n valorar al sector p\u00fablico y su capacidad de interacci\u00f3n con el sector privado\u201d, destac\u00f3.<br \/>\nSobre la demanda que hace el sector privado, el sector agroindustrial de mano de obra calificada, el ministro destac\u00f3 la creaci\u00f3n de varias pol\u00edticas, principalmente para que \u201clos chicos no abandonen la universidad, otorgarle una computadora, darle una beca para que puedan pagar sus materiales de estudio\u201d. \u201cCreamos las residencias estudiantiles en S\u00e1enz Pe\u00f1a (en UNCAus), refaccionamos las de Resistencia y se crearon dos programas de pasant\u00edas: el primero en el Estado con 200 profesionales, quienes una vez ingresados, tienen que seguir un proceso de consolidaci\u00f3n dentro del sector p\u00fablico. El segundo, tiene que ver con consultores que trabajan en el Estado, son pagadores del Estado, pero ayudan a potenciar las empresas\u201d, especific\u00f3.<br \/>\n\u201cEso hace que nosotros podamos pagar salarios, que los chicos no se vayan a otra provincia, no se vayan a la capital federal y puedan generar mayor capacidad\u201d. \u201cSon grandes los futuros empresarios, los futuros funcionarios p\u00fablicos\u201d, concluy\u00f3 P\u00e9rez Pons.<\/p>\n<\/div>\n","protected":false},"excerpt":{"rendered":"<p>Serena Ailen Barbatti Acosta, de Presidencia Roque S\u00e1enz Pe\u00f1a, fue elegida representante de la 30\u00b0 edici\u00f3n. La Fiesta del Algod\u00f3n present\u00f3 una imponente jornada acompa\u00f1ada de un buen clima, expositores y las propuestas del escenario, que concluyeron con la actuaci\u00f3n de El Chaque\u00f1o Palavecino. A la propuesta de los m\u00e1s de 80 expositores, se sum\u00f3 [&hellip;]<\/p>\n","protected":false},"author":1,"featured_media":24913,"comment_status":"closed","ping_status":"closed","sticky":false,"template":"","format":"standard","meta":{"footnotes":""},"categories":[6],"tags":[197],"class_list":{"0":"post-24912","1":"post","2":"type-post","3":"status-publish","4":"format-standard","5":"has-post-thumbnail","7":"category-chaco","8":"tag-destacada"},"_links":{"self":[{"href":"https:\/\/chacosintesis.com.ar\/index.php\/wp-json\/wp\/v2\/posts\/24912","targetHints":{"allow":["GET"]}}],"collection":[{"href":"https:\/\/chacosintesis.com.ar\/index.php\/wp-json\/wp\/v2\/posts"}],"about":[{"href":"https:\/\/chacosintesis.com.ar\/index.php\/wp-json\/wp\/v2\/types\/post"}],"author":[{"embeddable":true,"href":"https:\/\/chacosintesis.com.ar\/index.php\/wp-json\/wp\/v2\/users\/1"}],"replies":[{"embeddable":true,"href":"https:\/\/chacosintesis.com.ar\/index.php\/wp-json\/wp\/v2\/comments?post=24912"}],"version-history":[{"count":0,"href":"https:\/\/chacosintesis.com.ar\/index.php\/wp-json\/wp\/v2\/posts\/24912\/revisions"}],"wp:featuredmedia":[{"embeddable":true,"href":"https:\/\/chacosintesis.com.ar\/index.php\/wp-json\/wp\/v2\/media\/24913"}],"wp:attachment":[{"href":"https:\/\/chacosintesis.com.ar\/index.php\/wp-json\/wp\/v2\/media?parent=24912"}],"wp:term":[{"taxonomy":"category","embeddable":true,"href":"https:\/\/chacosintesis.com.ar\/index.php\/wp-json\/wp\/v2\/categories?post=24912"},{"taxonomy":"post_tag","embeddable":true,"href":"https:\/\/chacosintesis.com.ar\/index.php\/wp-json\/wp\/v2\/tags?post=24912"}],"curies":[{"name":"wp","href":"https:\/\/api.w.org\/{rel}","templated":true}]}}