{"id":24906,"date":"2023-08-06T11:36:01","date_gmt":"2023-08-06T14:36:01","guid":{"rendered":"https:\/\/chacosintesis.com.ar\/?p=24906"},"modified":"2023-08-06T11:37:34","modified_gmt":"2023-08-06T14:37:34","slug":"petri-en-resistencia-estoy-convencido-que-leandro-zdero-va-a-ser-el-proximo-gobernador","status":"publish","type":"post","link":"https:\/\/chacosintesis.com.ar\/index.php\/petri-en-resistencia-estoy-convencido-que-leandro-zdero-va-a-ser-el-proximo-gobernador\/","title":{"rendered":"Petri en Resistencia: &#8220;Estoy convencido que Leandro Zdero va a ser el pr\u00f3ximo gobernador&#8221;"},"content":{"rendered":"<div class=\"postie-post\">Este s\u00e1bado por la tarde, Leandro Zdero, candidato a gobernador de Juntos por el Cambio, recibi\u00f3 a Luis Petri, precandidato a vicepresidente de Patricia Bullrich, en el marco de las PASO nacionales que se realizar\u00e1n el pr\u00f3ximo domingo 13 de agosto. \u201cAqu\u00ed, en Resistencia, junto a Luis que viene de una intensa agenda en Formosa y en Corrientes; para nosotros tambi\u00e9n es gratificante poder recibirlo y que tome contacto con la realidad chaque\u00f1a\u201d.<br \/>\nDurante este encuentro, Zdero estuvo acompa\u00f1ado por los candidatos a diputados provinciales: Iv\u00e1n G\u00ffoker y Celia Voiquevichi; los candidatos a Intendentes: Rub\u00e9n Custiniano, de Margarita Bel\u00e9n y Vero Vargas, de La Verde; como as\u00ed tambi\u00e9n, las candidatas a diputadas nacionales Carolina Meiri\u00f1o y Carina Botteri (suplente).<br \/>\nLUIS PETRI: \u201cEN LA ARGENTINA ES NECESARIO UN CAMBIO PROFUNDO\u201d<br \/>\n\u201cEstoy convencido que Leandro va a ser el pr\u00f3ximo Gobernador, la elecci\u00f3n en Chaco ilumin\u00f3 el escenario nacional y alumbr\u00f3 el cambio de la esperanza en toda la Argentina. Para nosotros, es importante seguir apoy\u00e1ndolo y ahora, con un proceso interno a nivel nacional que se terminar\u00e1 de dirimir el pr\u00f3ximo domingo y despu\u00e9s, estaremos trabajando todos juntos, como lo hacen aqu\u00ed en la provincia. Estamos planteando un cambio profundo, un cambio a fondo, tenemos a una Argentina que se viene empobreciendo todos los a\u00f1os, que viene ajustando a los argentinos y llev\u00e1ndonos a m\u00e1s pobreza. Por eso, lo que se reclama es un cambio profundo como propone Patricia, con mucho coraje y convicci\u00f3n\u201d.<br \/>\nZDERO: \u201cJUNTOS POR EL CAMBIO VA A GOBERNAR EL CHACO Y EN EL PA\u00cdS\u201d<br \/>\nPor \u00faltimo, Zdero manifest\u00f3: \u201cJuntos por el Cambio va a gobernar el Chaco y el pa\u00eds, con el desaf\u00edo de dar vuelta la p\u00e1gina ante un gobierno que mantiene una agenda muy alejada de la realidad de la gente. Tenemos que dejar todos hasta la \u00faltima gota de energ\u00eda, sobre todo los que tenemos responsabilidades y pedirles a los chaque\u00f1os que vayamos a votar para hacer historia en el Chaco, y en el pa\u00eds este 13 de agosto\u201d.<\/div>\n","protected":false},"excerpt":{"rendered":"<p>Este s\u00e1bado por la tarde, Leandro Zdero, candidato a gobernador de Juntos por el Cambio, recibi\u00f3 a Luis Petri, precandidato a vicepresidente de Patricia Bullrich, en el marco de las PASO nacionales que se realizar\u00e1n el pr\u00f3ximo domingo 13 de agosto. \u201cAqu\u00ed, en Resistencia, junto a Luis que viene de una intensa agenda en Formosa [&hellip;]<\/p>\n","protected":false},"author":1,"featured_media":24907,"comment_status":"closed","ping_status":"closed","sticky":false,"template":"","format":"standard","meta":{"footnotes":""},"categories":[6],"tags":[],"class_list":{"0":"post-24906","1":"post","2":"type-post","3":"status-publish","4":"format-standard","5":"has-post-thumbnail","7":"category-chaco"},"_links":{"self":[{"href":"https:\/\/chacosintesis.com.ar\/index.php\/wp-json\/wp\/v2\/posts\/24906","targetHints":{"allow":["GET"]}}],"collection":[{"href":"https:\/\/chacosintesis.com.ar\/index.php\/wp-json\/wp\/v2\/posts"}],"about":[{"href":"https:\/\/chacosintesis.com.ar\/index.php\/wp-json\/wp\/v2\/types\/post"}],"author":[{"embeddable":true,"href":"https:\/\/chacosintesis.com.ar\/index.php\/wp-json\/wp\/v2\/users\/1"}],"replies":[{"embeddable":true,"href":"https:\/\/chacosintesis.com.ar\/index.php\/wp-json\/wp\/v2\/comments?post=24906"}],"version-history":[{"count":0,"href":"https:\/\/chacosintesis.com.ar\/index.php\/wp-json\/wp\/v2\/posts\/24906\/revisions"}],"wp:featuredmedia":[{"embeddable":true,"href":"https:\/\/chacosintesis.com.ar\/index.php\/wp-json\/wp\/v2\/media\/24907"}],"wp:attachment":[{"href":"https:\/\/chacosintesis.com.ar\/index.php\/wp-json\/wp\/v2\/media?parent=24906"}],"wp:term":[{"taxonomy":"category","embeddable":true,"href":"https:\/\/chacosintesis.com.ar\/index.php\/wp-json\/wp\/v2\/categories?post=24906"},{"taxonomy":"post_tag","embeddable":true,"href":"https:\/\/chacosintesis.com.ar\/index.php\/wp-json\/wp\/v2\/tags?post=24906"}],"curies":[{"name":"wp","href":"https:\/\/api.w.org\/{rel}","templated":true}]}}