{"id":24901,"date":"2023-08-05T17:39:44","date_gmt":"2023-08-05T20:39:44","guid":{"rendered":"https:\/\/chacosintesis.com.ar\/?p=24901"},"modified":"2023-08-05T18:07:06","modified_gmt":"2023-08-05T21:07:06","slug":"capitanich-anuncio-aportes-y-financiamiento-por-790-millones-para-el-sector-ganadero","status":"publish","type":"post","link":"https:\/\/chacosintesis.com.ar\/index.php\/capitanich-anuncio-aportes-y-financiamiento-por-790-millones-para-el-sector-ganadero\/","title":{"rendered":"Capitanich anunci\u00f3 aportes y financiamiento por $790 millones para el sector ganadero"},"content":{"rendered":"<div class=\"postie-post\">Se trata de una asistencia de 400 millones de pesos a trav\u00e9s del Plan GanAr y aportes no reintegrables por 390 millones por la emergencia clim\u00e1tica. Adem\u00e1s, el gobernador inst\u00f3 a concretar el convenio de corresponsabilidad gremial para incluir socialmente a 4000 trabajadores rurales. La 92\u00aa edici\u00f3n de la muestra, se realiza hasta el domingo 6.<br \/>\nEl gobernador Jorge Capitanich particip\u00f3 este s\u00e1bado del acto oficial de apertura de la 92\u00aa edici\u00f3n de la Expo Rural del Chaco, que por primera vez en la historia se lleva a cabo en el predio de la Sociedad Rural ubicado en Margarita Bel\u00e9n. En ese marco, anunci\u00f3 la implementaci\u00f3n del Plan GanAr para el sector ganadero, con una asistencia de 400 millones de pesos y otros 390 millones de aportes no reintegrables por la emergencia clim\u00e1tica. \u201cEs una ayuda m\u00e1s en estos tiempos de dificultades\u201d, expres\u00f3 el mandatario provincial.<br \/>\nEn la jornada, Capitanich inst\u00f3 a concretar el convenio de corresponsabilidad gremial para incluir socialmente a 4000 trabajadores rurales y celebr\u00f3 que la muestra se realice por primera vez en el predio de Margarita Bel\u00e9n.<br \/>\n\u201cEstamos orgullosos de poder cooperar para que esta infraestructura, que ya se ha desarrollado, se termine completa e integralmente durante este a\u00f1o para que la Sociedad Rural tenga el predio que se merece ac\u00e1 en este lugar\u201d, destac\u00f3, acompa\u00f1ado del presidente de la Sociedad Rural del Chaco Marcos Pastori y la presidenta de la Confederaci\u00f3n de Asociaciones Rurales de Chaco y Formosa, Mariela Kasko.<br \/>\nAcompa\u00f1amiento del gobierno a la producci\u00f3n ganadera<br \/>\nAnte funcionarios provinciales, autoridades ruralistas, municipales, productores y p\u00fablico en general, el mandatario se refiri\u00f3 al desarrollo ganadero de la provincia: \u201cTenemos 27.776 productores ganaderos (de los cuales el 70% tiene menos de 100 cabezas) y 22.291 establecimientos ganaderos. Tenemos un stock ganadero equivalente a 2,4 millones de cabezas de ganado bovino, cerca de 578.000 cabezas de ganado caprino, cerca de 300.000 de ganado porcino; y entre 166.000 y 200.000 de ganado ovino\u201d, enumer\u00f3.<br \/>\nCon dicho panorama, mencion\u00f3 el impacto que tuvo en la p\u00e9rdida de n\u00famero de cabezas las inclemencias del tiempo y ante ello valor\u00f3 la implementaci\u00f3n del Plan Ganadero: \u201cDesde 2020 y dentro del esquema de n\u00famero de productores adheridos, con plan de capacitaci\u00f3n y transferencia de tecnolog\u00eda tambi\u00e9n se ha logrado trabajar muy bien en los remates\u201d, resalt\u00f3.<br \/>\nAsimismo, insisti\u00f3 en la necesidad de alcanzar un acuerdo respecto al convenio de corresponsabilidad gremial: \u201cTenemos hoy un proceso de an\u00e1lisis con Fechasoru y las distintas entidades rurales para suscribir el convenio de corresponsabilidad gremial, el instrumento puede ser extremadamente flexible para adaptarse a las condiciones y necesidades del sector\u201d, dijo.<br \/>\n\u201cHoy anunciamos esta nueva herramienta, otros 400 millones a trav\u00e9s del Plan Ganar que significan otra ayuda al sector para intentar mejorar la productividad y trabajar en aspectos como inseminaci\u00f3n artificial, implantaci\u00f3n de pastura, modificaciones en los par\u00e1metros de rodeo\u201d, manifest\u00f3 Capitanich. Detall\u00f3 adem\u00e1s que en los pr\u00f3ximos 21 d\u00edas se realizar\u00e1 la transferencia de 390 millones de pesos en compensaci\u00f3n a productores por las p\u00e9rdidas ocasionadas por la emergencia h\u00eddrica.<br \/>\nEstuvieron presentes el ministro de la Producci\u00f3n, Industria Empleo Sebasti\u00e1n Lifton; la ministra de Desarrollo Social Mar\u00eda P\u00eda Chiacchio Cavana; el subsecretario de Ganader\u00eda Sebasti\u00e1n Bravo y la subsecretaria de Industria Laura Binaghi; el Intendente de Margarita Bel\u00e9n Javier Mart\u00ednez; el diputado provincial Leandro Zdero.<br \/>\nMejorar los \u00edndices productivos<br \/>\n\u201cDesde 2020 trabajamos en un plan Ganadero que tiene ciertos ejes puntuales en t\u00e9rminos de mejorar en \u00edndices productivos pero que tuvo que ir mutando sus estrategias para lograr un acompa\u00f1amiento espec\u00edfico en el marco de la emergencia por sequ\u00eda que viene atravesando el sector\u201d, explic\u00f3 Lifton.<br \/>\nEn esa l\u00ednea, detall\u00f3 que se gener\u00f3 un acompa\u00f1amiento pleno en t\u00e9rminos de alimentaci\u00f3n, de generaci\u00f3n de abastecimiento de agua, la entrega de equipamiento a municipios para que puedan construir sus reservorios y prestar servicio a los productores, la incorporaci\u00f3n de equipamiento para generar rollos de pastura y tengan reserva alimenticia. Destac\u00f3 especialmente la pata comercial que se desarroll\u00f3 con 51 remates para peque\u00f1os y medianos productores donde se unific\u00f3 gran parte de los costos de comercializaci\u00f3n y comisiones permitiendo as\u00ed que accedan a un precio pleno de mercado por sus animales. \u201cAs\u00ed el estado acompa\u00f1a en t\u00e9rminos de rentabilidad\u201d, asegur\u00f3.<br \/>\nAdem\u00e1s, remarc\u00f3 las l\u00edneas de financiamientos a trav\u00e9s del Banco del Chaco donde se bonifican las tasas de inter\u00e9s y la puesta en marcha \u2013 durante la jornada de inauguraci\u00f3n de la Expo- de la l\u00ednea de financiamiento no bancaria para producci\u00f3n ganadera con tasa nominal fija de 25%, con cuatro a\u00f1os de plazo y la posibilidad de tener un plazo de gracia; \u201centendiendo la posibilidad de recomponer capital de trabajo en la actividad ganadera\u201d, se\u00f1al\u00f3. Es una l\u00ednea que se pone en marcha con 400 millones de pesos, que ya transfiri\u00f3 la provincia para comenzar a generar el financiamiento.<br \/>\nTrabajo conjunto p\u00fablico-privado<br \/>\nEl intendente Javier Mart\u00ednez celebr\u00f3 la decisi\u00f3n de trasladar la exposici\u00f3n a Margarita Bel\u00e9n y se comprometi\u00f3 a colaborar en todo lo necesario para que sea la primera de muchas, por lo cual fue declarada de inter\u00e9s municipal. \u201cSeguiremos creciendo y expandiendo lo que significa la demostraci\u00f3n de todo el potencial que tiene el campo chaque\u00f1o\u201d, asegur\u00f3.<br \/>\nEl jefe comunal agradeci\u00f3 al gobernador Jorge Capitanich y al gobierno en general: \u201cComo municipio nos consta del acompa\u00f1amiento al campo; desde el primer d\u00eda de gesti\u00f3n trabajamos en conjunto con el gobierno provincial para acompa\u00f1ar a nuestros productores y ganaderos, hombres y mujeres que siguen apostando al campo d\u00eda a d\u00eda\u201d, asegur\u00f3. En ese sentido puntualiz\u00f3 que el campo chaque\u00f1o atraviesa dificultades permanentes, como las sequ\u00edas, y que \u201ces ah\u00ed donde se hace fundamental que el estado est\u00e9 presente\u201d. Por eso se comprometi\u00f3 a seguir trabajando en conjunto, sociedad rural, municipio y gobierno provincial para fortalecer al campo y acompa\u00f1ar a la gente.<br \/>\nHist\u00f3rica muestra: la primera vez en el predio de Margarita Bel\u00e9n<br \/>\nEl presidente de la Sociedad Rural del Chaco Marcos Pastori destac\u00f3 que se trata de la primera vez que la exposici\u00f3n se realiza en el predio de Margarita Bel\u00e9n. \u201cEste es un anhelo de hace muchos a\u00f1os de antiguos dirigentes y queremos seguir con esa visi\u00f3n de futuro, preparando este predio para que en la muestra del a\u00f1o pr\u00f3ximo est\u00e9 a\u00fan mejor\u201d, dijo.<br \/>\nEn esa l\u00ednea, agradeci\u00f3 el acompa\u00f1amiento del gobierno provincial para llevar adelante esta muestra y asegur\u00f3: \u201cEs una muestra de lo que se puede lograr cuando el sector privado se une con el sector p\u00fablico, se pueden concretar proyectos y planificar a futuro\u201d.<br \/>\nHomenaje a Fernando Martin<br \/>\nEn la oportunidad, se homenaje\u00f3 a don Fernando Martin, fundador de la Sociedad Rural del Chaco, quien hace 40 a\u00f1os adquiri\u00f3 el predio de 625 hect\u00e1reas en Margarita Bel\u00e9n en donde hoy se realiza por primera vez la Expo Rural. \u201cHa tenido una visi\u00f3n estrat\u00e9gica, ha sido un prohombre de nuestra provincia en t\u00e9rmino de sus decisiones estrat\u00e9gicas como haber comprado estas hect\u00e1reas cuando nadie lo pensaba, para que hoy esto sea un espacio extraordinario para la expansi\u00f3n de la sociedad. Tambi\u00e9n pens\u00f3 estrat\u00e9gicamente los medios de comunicaci\u00f3n en la provincia, como socio fundador de diario norte y canal 9\u201d, precis\u00f3 el gobernador.<br \/>\nRecord\u00f3 adem\u00e1s que fue un precursor en el desarrollo de lo que hoy es la Bolsa de Comercio de la provincia. \u201cEso es una visi\u00f3n estrat\u00e9gica para el desarrollo de la industria, el comercio y la ganader\u00eda, y es pensar los medios de comunicaci\u00f3n como parte del fortalecimiento de nuestra identidad y nuestro pueblo\u201d, valor\u00f3.<\/div>\n","protected":false},"excerpt":{"rendered":"<p>Se trata de una asistencia de 400 millones de pesos a trav\u00e9s del Plan GanAr y aportes no reintegrables por 390 millones por la emergencia clim\u00e1tica. Adem\u00e1s, el gobernador inst\u00f3 a concretar el convenio de corresponsabilidad gremial para incluir socialmente a 4000 trabajadores rurales. La 92\u00aa edici\u00f3n de la muestra, se realiza hasta el domingo [&hellip;]<\/p>\n","protected":false},"author":1,"featured_media":24902,"comment_status":"closed","ping_status":"closed","sticky":false,"template":"","format":"standard","meta":{"footnotes":""},"categories":[6],"tags":[],"class_list":{"0":"post-24901","1":"post","2":"type-post","3":"status-publish","4":"format-standard","5":"has-post-thumbnail","7":"category-chaco"},"_links":{"self":[{"href":"https:\/\/chacosintesis.com.ar\/index.php\/wp-json\/wp\/v2\/posts\/24901","targetHints":{"allow":["GET"]}}],"collection":[{"href":"https:\/\/chacosintesis.com.ar\/index.php\/wp-json\/wp\/v2\/posts"}],"about":[{"href":"https:\/\/chacosintesis.com.ar\/index.php\/wp-json\/wp\/v2\/types\/post"}],"author":[{"embeddable":true,"href":"https:\/\/chacosintesis.com.ar\/index.php\/wp-json\/wp\/v2\/users\/1"}],"replies":[{"embeddable":true,"href":"https:\/\/chacosintesis.com.ar\/index.php\/wp-json\/wp\/v2\/comments?post=24901"}],"version-history":[{"count":0,"href":"https:\/\/chacosintesis.com.ar\/index.php\/wp-json\/wp\/v2\/posts\/24901\/revisions"}],"wp:featuredmedia":[{"embeddable":true,"href":"https:\/\/chacosintesis.com.ar\/index.php\/wp-json\/wp\/v2\/media\/24902"}],"wp:attachment":[{"href":"https:\/\/chacosintesis.com.ar\/index.php\/wp-json\/wp\/v2\/media?parent=24901"}],"wp:term":[{"taxonomy":"category","embeddable":true,"href":"https:\/\/chacosintesis.com.ar\/index.php\/wp-json\/wp\/v2\/categories?post=24901"},{"taxonomy":"post_tag","embeddable":true,"href":"https:\/\/chacosintesis.com.ar\/index.php\/wp-json\/wp\/v2\/tags?post=24901"}],"curies":[{"name":"wp","href":"https:\/\/api.w.org\/{rel}","templated":true}]}}