{"id":24885,"date":"2023-08-05T16:31:40","date_gmt":"2023-08-05T19:31:40","guid":{"rendered":"https:\/\/chacosintesis.com.ar\/?p=24885"},"modified":"2023-08-05T16:36:39","modified_gmt":"2023-08-05T19:36:39","slug":"perez-pons-verifico-el-avance-de-distintas-obras-claves-en-saenz-pena","status":"publish","type":"post","link":"https:\/\/chacosintesis.com.ar\/index.php\/perez-pons-verifico-el-avance-de-distintas-obras-claves-en-saenz-pena\/","title":{"rendered":"P\u00e9rez Pons verific\u00f3 el avance de distintas obras claves en S\u00e1enz Pe\u00f1a"},"content":{"rendered":"<div class=\"postie-post\">El ministro de Planificaci\u00f3n Econom\u00eda e Infraestructura recorri\u00f3 la obra de refacci\u00f3n que se lleva adelante en la Residencia para Adultos Mayores (RAM) \u201cSan Roque\u201d. Adem\u00e1s, recorri\u00f3 escuelas y destac\u00f3 la importancia de la obra p\u00fablica en la transformaci\u00f3n de realidades y m\u00e1s desarrollo.<br \/>\nEn el marco de la pol\u00edtica de inclusi\u00f3n social que es un eje estrat\u00e9gico de la gesti\u00f3n del gobernador Jorge Capitanich, el Ministerio de Planificaci\u00f3n, Econom\u00eda e Infraestructura lleva adelante en Presidencia Roque S\u00e1enz Pe\u00f1a la ejecuci\u00f3n de obras de alto impacto. Con el objetivo de verificar el avance de los proyectos, el ministro Santiago P\u00e9rez Pons recorri\u00f3 en primer lugar la Residencia para Adultos Mayores (RAM) \u201cSan Roque\u201d, en donde se lleva adelante la refacci\u00f3n del edificio.<br \/>\n\u201cDesde el inicio de la gesti\u00f3n llevamos adelante inversiones hist\u00f3ricas en obras claves que apuntan a fortalecer la infraestructura de los edificios de contenci\u00f3n social. En este sentido avanzamos en construcci\u00f3n y refacci\u00f3n de centros integradores de fortalecimiento familiar, residencias de adultos mayores, espacios convivenciales alternativos, entre otras\u201d, explic\u00f3 el ministro P\u00e9rez Pons acompa\u00f1ado en la recorrida por la concejal, Luisina Lita.<br \/>\nCabe recordar que en la provincia funcionan a trav\u00e9s del Ministerio de Desarrollo Social 125 dispositivos de distintas categor\u00edas para albergar desde beb\u00e9s de 45 d\u00edas hasta adultos mayores con el despliegue de diferentes programas de pol\u00edticas p\u00fablicas que atienden los derechos humanos. La RAM alberga a 27 personas adultas mayores y se encuentra ubicada en un predio con una superficie de 7.000 m2, donde tambi\u00e9n funciona el Albergue Familiar \u201cMadre Teresa de Calcuta II\u201d.<br \/>\nEl plan de obras apunta a optimizar la infraestructura de la Residencia que cuenta con dormitorios, sanitarios, cocina, comedor, oficinas administrativas, economato, enfermer\u00eda y lavadero. El ministro P\u00e9rez Pons detall\u00f3: \u201clos trabajos incluyen intervenciones en techos, sanitarios, instalaci\u00f3n de electricidad y gas, revoque y revestimiento. Adem\u00e1s, para garantizar una mayor seguridad e higiene se instalar\u00e1n nueva se\u00f1al\u00e9tica para el correcto uso y prevenci\u00f3n, pasamanos en pasillos, comedor y estar. Y se trabajar\u00e1 en la pintura interior y exterior y en parquizado\u201d.<br \/>\nEscuelas \u00f3ptimas para garantizar la calidad educativa<br \/>\nEn su visita a S\u00e1enz Pe\u00f1a el ministro P\u00e9rez Pons tambi\u00e9n recorri\u00f3 la EEP N\u00b0 352 &#8220;Maestra Victoria Eugenia Waks&#8221;. \u201cNuestro objetivo es garantizar aulas \u00f3ptimas y confortables para la formaci\u00f3n de las y los estudiantes. Ya llevamos 150 edificios intervenidos este a\u00f1o a trav\u00e9s del Ministerio, porque es prioridad n\u00famero uno para el Gobierno la educaci\u00f3n\u201d, resalt\u00f3 el funcionario.<br \/>\nEn este edificio funciona adem\u00e1s la Escuela Secundaria N\u00b0144. \u201cAqu\u00ed conviven primaria y secundaria eso significa que es una comunidad muy grande con 800 estudiantes. El plan de refacci\u00f3n va a estar centralizado en garantizar una mayor seguridad para la comunidad educativa teniendo en cuenta que han sufrido hechos de vandalismo, se llevar\u00e1 adelante el cerco perimetral, instalaci\u00f3n de puertas y ventanas reforzadas.  Adem\u00e1s, se prev\u00e9 la construcci\u00f3n de un play\u00f3n deportivo para que chicas y chicos puedan practicar actividades f\u00edsicas de manera \u00f3ptima\u201d, concluy\u00f3 el ministro de Planificaci\u00f3n Econom\u00eda e Infraestructura.<\/div>\n","protected":false},"excerpt":{"rendered":"<p>El ministro de Planificaci\u00f3n Econom\u00eda e Infraestructura recorri\u00f3 la obra de refacci\u00f3n que se lleva adelante en la Residencia para Adultos Mayores (RAM) \u201cSan Roque\u201d. Adem\u00e1s, recorri\u00f3 escuelas y destac\u00f3 la importancia de la obra p\u00fablica en la transformaci\u00f3n de realidades y m\u00e1s desarrollo. En el marco de la pol\u00edtica de inclusi\u00f3n social que es [&hellip;]<\/p>\n","protected":false},"author":1,"featured_media":24886,"comment_status":"closed","ping_status":"closed","sticky":false,"template":"","format":"standard","meta":{"footnotes":""},"categories":[6],"tags":[],"class_list":{"0":"post-24885","1":"post","2":"type-post","3":"status-publish","4":"format-standard","5":"has-post-thumbnail","7":"category-chaco"},"_links":{"self":[{"href":"https:\/\/chacosintesis.com.ar\/index.php\/wp-json\/wp\/v2\/posts\/24885","targetHints":{"allow":["GET"]}}],"collection":[{"href":"https:\/\/chacosintesis.com.ar\/index.php\/wp-json\/wp\/v2\/posts"}],"about":[{"href":"https:\/\/chacosintesis.com.ar\/index.php\/wp-json\/wp\/v2\/types\/post"}],"author":[{"embeddable":true,"href":"https:\/\/chacosintesis.com.ar\/index.php\/wp-json\/wp\/v2\/users\/1"}],"replies":[{"embeddable":true,"href":"https:\/\/chacosintesis.com.ar\/index.php\/wp-json\/wp\/v2\/comments?post=24885"}],"version-history":[{"count":0,"href":"https:\/\/chacosintesis.com.ar\/index.php\/wp-json\/wp\/v2\/posts\/24885\/revisions"}],"wp:featuredmedia":[{"embeddable":true,"href":"https:\/\/chacosintesis.com.ar\/index.php\/wp-json\/wp\/v2\/media\/24886"}],"wp:attachment":[{"href":"https:\/\/chacosintesis.com.ar\/index.php\/wp-json\/wp\/v2\/media?parent=24885"}],"wp:term":[{"taxonomy":"category","embeddable":true,"href":"https:\/\/chacosintesis.com.ar\/index.php\/wp-json\/wp\/v2\/categories?post=24885"},{"taxonomy":"post_tag","embeddable":true,"href":"https:\/\/chacosintesis.com.ar\/index.php\/wp-json\/wp\/v2\/tags?post=24885"}],"curies":[{"name":"wp","href":"https:\/\/api.w.org\/{rel}","templated":true}]}}