{"id":24881,"date":"2023-08-05T16:22:38","date_gmt":"2023-08-05T19:22:38","guid":{"rendered":"https:\/\/chacosintesis.com.ar\/?p=24881"},"modified":"2023-08-05T16:36:38","modified_gmt":"2023-08-05T19:36:38","slug":"entregaron-nuevos-creditos-y-beneficios-para-docentes-de-la-provincia","status":"publish","type":"post","link":"https:\/\/chacosintesis.com.ar\/index.php\/entregaron-nuevos-creditos-y-beneficios-para-docentes-de-la-provincia\/","title":{"rendered":"Entregaron nuevos cr\u00e9ditos y beneficios para docentes de la provincia"},"content":{"rendered":"<div class=\"postie-post\">El gobernador asisti\u00f3 a la entrega de 88 tarjetas que se enmarcan en el programa \u201cInclusi\u00f3n Digital Docentes\u201d, donde las y los educadores podr\u00e1n adquirir equipos inform\u00e1ticos para su labor pedag\u00f3gica. Adem\u00e1s, se reuni\u00f3 con investigadores universitarios para tratar y financiar distintas propuestas acad\u00e9micas.<br \/>\nEn Presidencia Roque S\u00e1enz Pe\u00f1a, el gobernador Jorge Capitanich entreg\u00f3 beneficios a maestros y maestras del programa \u201cInclusi\u00f3n Digital Docentes\u201d, destinado a la adquisici\u00f3n de equipos tecnol\u00f3gicos con una tasa de inter\u00e9s del 0%. Adem\u00e1s, el mandatario se reuni\u00f3 con investigadores de la Universidad Nacional del Chaco Austral (Uncaus) para analizar y financiar por 21 millones de pesos, proyectos de los graduados en beneficio de la comunidad.<br \/>\nEn el hotel Gualok, el gobernador hizo entrega de 88 tarjetas a docentes de S\u00e1enz Pe\u00f1a, Quitilipi y La Tigra, que les permitir\u00e1 acceder a un monto de hasta 350.000 pesos, para la adquisici\u00f3n de equipos tecnol\u00f3gicos, a partir de 12, 24 y 36 cuotas. Esto se enmarca dentro del programa &#8220;Inclusi\u00f3n Digital Docentes&#8221;, una l\u00ednea de cr\u00e9dito para que los trabajadores de la educaci\u00f3n puedan adquirir equipos inform\u00e1ticos para mejorar sus pr\u00e1cticas pedag\u00f3gicas, con la particularidad de ofrecer una tasa de inter\u00e9s del 0%.<br \/>\n\u201cEsto es parte de un esquema que funciona muy bien, con una mejora en la accesibilidad para que estos educadores puedan optimizar su funci\u00f3n como docentes\u201d, afirm\u00f3 Capitanich, quien remarc\u00f3 que \u201cpara aplicar esto, realizamos tambi\u00e9n una fuerte inversi\u00f3n en tecnolog\u00eda, infraestructura, red de fibra \u00f3ptica y conectividad para las escuelas, que se suma adem\u00e1s a m\u00e1s de 820 edificios nuevos o refaccionados a nuevo como parte de estas pol\u00edticas\u201d.<br \/>\nEn total, el programa abarca a 1.400 docentes de 61 localidades de toda la provincia, con una inversi\u00f3n que representa m\u00e1s de 370 millones de pesos. La misma nace de una colaboraci\u00f3n entre Fiduciaria del Norte, el Nuevo Banco del Chaco, y los Ministerios de Planificaci\u00f3n, Econom\u00eda e Infraestructura y de Educaci\u00f3n, Cultura, Ciencia y Tecnolog\u00eda de la provincia del Chaco.<br \/>\nSobre esto, el ministro de Educaci\u00f3n, Aldo Lineras, coment\u00f3 que \u201ceste programa es muy importante porque una computadora, m\u00e1s all\u00e1 del uso diario y dom\u00e9stico, tambi\u00e9n es una herramienta de trabajo para las y los docentes. Aqu\u00ed se est\u00e1 financiando gran parte del valor de la compra, que es una estrategia del Gobierno, pero sobre todo un esfuerzo de cada uno de los chaque\u00f1os y chaque\u00f1as\u201d.<br \/>\nPor su parte, el ministro de Planificaci\u00f3n, Econom\u00eda e Infraestructura, Santiago P\u00e9rez Pons, destac\u00f3 la prioridad que tiene el Gobierno de ampliar el alcance de pol\u00edticas p\u00fablicas a todos los sectores. \u201cEste programa se inici\u00f3 con estudiantes y luego se extendi\u00f3 a docentes por pedido del gobernador, ya que son uno de los pilares del Chaco. Vamos a seguir impulsando el acceso a herramientas de estudio, boleto docente, modernizaci\u00f3n, y otras pol\u00edticas que nos garanticen una m\u00e1xima calidad educativa en la provincia\u201d, aport\u00f3.<br \/>\nReuni\u00f3n con investigadores de la Uncaus<br \/>\nSiguiendo con su agenda en la localidad, Capitanich celebr\u00f3 tambi\u00e9n una reuni\u00f3n con docentes, investigadores y directores de carreras, en el predio de la UNCAUS, acompa\u00f1ado por el rector de la instituci\u00f3n, Germ\u00e1n Oestmann. All\u00ed, el mandatario analiz\u00f3 junto a los profesionales distintas propuestas para la generaci\u00f3n de pol\u00edticas p\u00fablicas que beneficien a las instituciones de estudio, y estas a su vez con el sector privado y la comunidad.<br \/>\nEn este marco, se presentaron siete trabajos finales de graduados que buscan llevar adelante proyectos de investigaci\u00f3n, en base al desarrollo de alimentos, potabilizaci\u00f3n del agua y desnutrici\u00f3n infantil, entre otros temas. Para eso, el Gobierno destinar\u00e1 un financiamiento de 21 millones de pesos aproximadamente, adem\u00e1s del Fondo de Desarrollo Cient\u00edfico y Tecnol\u00f3gico.<br \/>\nAl respecto, Capitanich sostuvo que \u201cestamos muy comprometidos con el desarrollo cient\u00edfico en la provincia. Existe aqu\u00ed un \u00e1mbito de investigaci\u00f3n y tecnolog\u00eda muy importante para el fortalecimiento de las cadenas de valor y la econom\u00eda del conocimiento. Y por eso creemos en el papel central que tienen las universidades para alcanzar esos objetivos\u201d.<br \/>\nA su vez, el rector Oestmann agradeci\u00f3 la visita del gobernador y destac\u00f3 que \u201cesta universidad ha crecido en calidad y cantidad de alumnos, con 52 mil inscriptos, lo que se traduce como confianza por parte de la comunidad. Es por ello que no podemos ausentarnos de este tipo de actividades que buscan vincular diferentes \u00e1mbitos para resolver problemas comunes\u201d.<br \/>\nEstuvieron presentes durante las actividades el ministro de Planificaci\u00f3n, Econom\u00eda e Infraestructura, Santiago P\u00e9rez Pons; el ministro de Educaci\u00f3n, Aldo Lineras; los diputados nacionales, Aldo Leiva y Mar\u00eda Luisa Chomiak; el presidente del Instituto de Deportes, Osvaldo P\u00e9rez Cuevas; el rector de la UNCAUS, Germ\u00e1n Oestmann.<\/div>\n","protected":false},"excerpt":{"rendered":"<p>El gobernador asisti\u00f3 a la entrega de 88 tarjetas que se enmarcan en el programa \u201cInclusi\u00f3n Digital Docentes\u201d, donde las y los educadores podr\u00e1n adquirir equipos inform\u00e1ticos para su labor pedag\u00f3gica. Adem\u00e1s, se reuni\u00f3 con investigadores universitarios para tratar y financiar distintas propuestas acad\u00e9micas. En Presidencia Roque S\u00e1enz Pe\u00f1a, el gobernador Jorge Capitanich entreg\u00f3 beneficios [&hellip;]<\/p>\n","protected":false},"author":1,"featured_media":24882,"comment_status":"closed","ping_status":"closed","sticky":false,"template":"","format":"standard","meta":{"footnotes":""},"categories":[6],"tags":[],"class_list":{"0":"post-24881","1":"post","2":"type-post","3":"status-publish","4":"format-standard","5":"has-post-thumbnail","7":"category-chaco"},"_links":{"self":[{"href":"https:\/\/chacosintesis.com.ar\/index.php\/wp-json\/wp\/v2\/posts\/24881","targetHints":{"allow":["GET"]}}],"collection":[{"href":"https:\/\/chacosintesis.com.ar\/index.php\/wp-json\/wp\/v2\/posts"}],"about":[{"href":"https:\/\/chacosintesis.com.ar\/index.php\/wp-json\/wp\/v2\/types\/post"}],"author":[{"embeddable":true,"href":"https:\/\/chacosintesis.com.ar\/index.php\/wp-json\/wp\/v2\/users\/1"}],"replies":[{"embeddable":true,"href":"https:\/\/chacosintesis.com.ar\/index.php\/wp-json\/wp\/v2\/comments?post=24881"}],"version-history":[{"count":0,"href":"https:\/\/chacosintesis.com.ar\/index.php\/wp-json\/wp\/v2\/posts\/24881\/revisions"}],"wp:featuredmedia":[{"embeddable":true,"href":"https:\/\/chacosintesis.com.ar\/index.php\/wp-json\/wp\/v2\/media\/24882"}],"wp:attachment":[{"href":"https:\/\/chacosintesis.com.ar\/index.php\/wp-json\/wp\/v2\/media?parent=24881"}],"wp:term":[{"taxonomy":"category","embeddable":true,"href":"https:\/\/chacosintesis.com.ar\/index.php\/wp-json\/wp\/v2\/categories?post=24881"},{"taxonomy":"post_tag","embeddable":true,"href":"https:\/\/chacosintesis.com.ar\/index.php\/wp-json\/wp\/v2\/tags?post=24881"}],"curies":[{"name":"wp","href":"https:\/\/api.w.org\/{rel}","templated":true}]}}