{"id":24877,"date":"2023-08-05T13:08:04","date_gmt":"2023-08-05T16:08:04","guid":{"rendered":"https:\/\/chacosintesis.com.ar\/?p=24877"},"modified":"2023-08-05T13:10:53","modified_gmt":"2023-08-05T16:10:53","slug":"el-gobernador-capitanich-dejo-inaugurada-la-30a-edicion-de-la-fiesta-nacional-del-algodon","status":"publish","type":"post","link":"https:\/\/chacosintesis.com.ar\/index.php\/el-gobernador-capitanich-dejo-inaugurada-la-30a-edicion-de-la-fiesta-nacional-del-algodon\/","title":{"rendered":"El gobernador Capitanich dej\u00f3 inaugurada la 30\u00aa edici\u00f3n de la Fiesta Nacional del Algod\u00f3n"},"content":{"rendered":"<div class=\"postie-post\">El gobernador dej\u00f3 inaugurada la 30\u00aa edici\u00f3n de la Fiesta Nacional del Algod\u00f3n, que hasta el 6 de agosto se celebrar\u00e1 en Presidencia Roque S\u00e1enz Pe\u00f1a. Con entrada libre y gratuita, contar\u00e1 con numerosas actividades para el sector productivo y para toda la comunidad.<\/p>\n<p>El gobernador Jorge Capitanich acompa\u00f1\u00f3 este viernes la apertura de la 30\u00aa Fiesta Nacional del Algod\u00f3n en el Centro C\u00edvico, Social y Cultural (ex Ferichaco) de Presidencia Roque S\u00e1enz Pe\u00f1a. \u201cEl algod\u00f3n ha marcado un sendero y es parte de la identidad hist\u00f3rica de nuestra provincia, mientras que esta localidad es epicentro y sin\u00f3nimo de nuestra producci\u00f3n algodonera\u201d, manifest\u00f3 el mandatario, quien estuvo acompa\u00f1ado por la vicegobernadora Anal\u00eda Rach Quiroga.<br \/>\nEl evento se desarrolla hasta el 6 de agosto con entrada libre y gratuita. Con apoyo del Gobierno provincial, la agenda incluir\u00e1 charlas, exposiciones y capacitaciones que permitir\u00e1n fortalecer la cadena productiva chaque\u00f1a, adem\u00e1s de espect\u00e1culos art\u00edsticos destacados. En cada jornada, la muestra abrir\u00e1 a las 17 y cerrar\u00e1 a medianoche.<br \/>\n\u201cRealmente recuperamos la esencia de esta fiesta nacional, luego de su reapertura el a\u00f1o pasado\u201d, afirm\u00f3 el mandatario, a la vez que destac\u00f3 que \u201ca pesar de que actualmente el mayor cultivo que tiene la provincia es la soja, estamos recuperando el liderazgo de algod\u00f3n que hab\u00edamos perdido transitoriamente con Santiago del Estero, tanto en la superficie sembrada, en la capacidad de desmote, y en la producci\u00f3n de hilados y tela denim\u201d.<br \/>\nDurante el acto, Capitanich tambi\u00e9n hizo hincapi\u00e9 en que la provincia \u201cha hecho un salto cualitativo y cuantitativo extraordinario desde el 2005 hasta la actualidad\u201d, pasando de 808.000 hect\u00e1reas de superficie sembrada a 1,6 y 2 millones; y una producci\u00f3n de 1,4 millones de toneladas a 3,5 a 5 millones. \u201cEsto implica que se han incorporado tecnolog\u00edas, recursos humanos calificados, y sobre todo un dise\u00f1o de pol\u00edticas para optimizar este sector\u201d, agreg\u00f3.<br \/>\nLa Fiesta Nacional del Algod\u00f3n, que recibi\u00f3 unos 90.000 visitantes en 2022, cuenta con un total de 290 expositores tanto al aire libre como bajo pabell\u00f3n. Tambi\u00e9n incluye actividades como muestras tecnol\u00f3gicas, de agricultura familiar, actividades culturales, oferta gastron\u00f3mica, reuniones y capacitaciones para el sector.<br \/>\nComo cada a\u00f1o, se podr\u00e1 ver en vivo el desarrollo agroindustrial y de investigaci\u00f3n de esta cadena productiva a trav\u00e9s de exposici\u00f3n est\u00e1tica de maquinarias, insumos y la industria textil, capacitaciones y emprendedurismo que caracteriza al cultivo. Las actividades tendr\u00e1n una participaci\u00f3n conjunta de instituciones, el Estado y empresas privadas.<br \/>\nEn esta jornada, las actividades iniciaron con la apertura de la muestra y exposici\u00f3n \u201cFeed Back algodonero: de la semilla al hilado\u201d en el Sal\u00f3n de Conferencias, auspiciada por el grupo Agro Perfiles, mientras que a las 19, iniciaron los espect\u00e1culos musicales en el escenario principal.<br \/>\n\u201cComo Estado provincial, creemos en la necesidad de una agricultura con agricultores presentes, pero tambi\u00e9n en la aplicaci\u00f3n de tecnolog\u00eda como sin\u00f3nimo de progreso y desarrollo para aumentar la productividad y los rendimientos. Y all\u00ed radica la importancia de esta fiesta, que queremos que sea ejemplo de la colaboraci\u00f3n cient\u00edfica-tecnol\u00f3gica y el desarrollo productivo en su conjunto\u201d, finaliz\u00f3 el gobernador.<br \/>\n Por su parte, el ministro de Planificaci\u00f3n, Econom\u00eda e Infraestructura, Santiago P\u00e9rez Pons, indic\u00f3 que esta fiesta representa un punto de encuentro para el desarrollo del sector agropecuario. \u201cLa Fiesta Nacional del Algod\u00f3n vuelve a poner a esta producci\u00f3n como una de las prioridades del Chaco. Durante los tres d\u00edas se realizar\u00e1n ciclos de charlas, entre instituciones y productores, que abordar\u00e1n los nuevos desaf\u00edos de cosecha para esta siembra que nos llev\u00f3 a ser referencia a nivel nacional y mundial\u201d, concluy\u00f3.<br \/>\nA su vez, el intendente de S\u00e1enz Pe\u00f1a, Bruno Cipolini, destac\u00f3 que \u201ces un gran honor recibir a esta fiesta como coronaci\u00f3n de esta Semana del Algod\u00f3n, que se inici\u00f3 con el centenario de la estaci\u00f3n experimental del INTA. Y como lo vengo recalcando desde siempre, todo evento que se relacione con el algod\u00f3n es para los saenzpe\u00f1enses un acontecimiento muy cercano a nuestros sentimientos\u201d.<br \/>\nEstuvieron presentes: los ministros de Planificaci\u00f3n, Econom\u00eda e Infraestructura, Santiago P\u00e9rez Pons; de Producci\u00f3n, Industria y Empleo, Sebasti\u00e1n Lifton; de Educaci\u00f3n, Aldo Lineras; de Desarrollo Social, Mar\u00eda P\u00eda Chiacchio Cavana; y de Ambiente y Desarrollo Territorial, Marta Soneira; los diputados nacionales, Aldo Leiva, Juan Manuel Pedrini y Mar\u00eda Luisa Chomiak; los diputados provinciales Rodrigo Ocampo, Tere Cubells y Nicol\u00e1s Slimel.<\/p>\n<p>Agenda cultural<\/p>\n<p>La Fiesta Nacional del Algod\u00f3n brindar\u00e1 diariamente espect\u00e1culos con artistas locales y nacionales en el escenario del predio. En cada jornada, la grilla iniciar\u00e1 a las 19 con la presentaci\u00f3n del Cuerpo de Bastoneras. En tanto el viernes 4 se presentaron DJ Franco Serrano, Mauri Flow, The Chinchudos, La Huella, Guaynas Por\u00e1, Viento Norte y cerrar\u00e1 El Mago y la Nueva.<br \/>\nEl s\u00e1bado 5 de agosto se llevar\u00e1 adelante la tradicional elecci\u00f3n de la representante de la Fiesta del Algod\u00f3n. De esta instancia se seleccionar\u00e1n a las tres nuevas representantes que reemplazar\u00e1n a Tatiana Beatriz Zorrilla de Presidencia Roque S\u00e1enz Pe\u00f1a, que ser\u00e1 acompa\u00f1ada por Keyla Nahara Vrebec de Santa Sylvina, y Camila Magal\u00ed Honcheruk de Villa Berthet, coronadas en 2022. En la jornada actuar\u00e1n tambi\u00e9n DJ LauriTacks, Ballet Los B\u00fahos, Sylvina Brizuela, Alon, Gisella y El Chaque\u00f1o Palavecino.<\/p><\/div>\n","protected":false},"excerpt":{"rendered":"<p>El gobernador dej\u00f3 inaugurada la 30\u00aa edici\u00f3n de la Fiesta Nacional del Algod\u00f3n, que hasta el 6 de agosto se celebrar\u00e1 en Presidencia Roque S\u00e1enz Pe\u00f1a. Con entrada libre y gratuita, contar\u00e1 con numerosas actividades para el sector productivo y para toda la comunidad. El gobernador Jorge Capitanich acompa\u00f1\u00f3 este viernes la apertura de la [&hellip;]<\/p>\n","protected":false},"author":1,"featured_media":24878,"comment_status":"closed","ping_status":"closed","sticky":false,"template":"","format":"standard","meta":{"footnotes":""},"categories":[6],"tags":[],"class_list":{"0":"post-24877","1":"post","2":"type-post","3":"status-publish","4":"format-standard","5":"has-post-thumbnail","7":"category-chaco"},"_links":{"self":[{"href":"https:\/\/chacosintesis.com.ar\/index.php\/wp-json\/wp\/v2\/posts\/24877","targetHints":{"allow":["GET"]}}],"collection":[{"href":"https:\/\/chacosintesis.com.ar\/index.php\/wp-json\/wp\/v2\/posts"}],"about":[{"href":"https:\/\/chacosintesis.com.ar\/index.php\/wp-json\/wp\/v2\/types\/post"}],"author":[{"embeddable":true,"href":"https:\/\/chacosintesis.com.ar\/index.php\/wp-json\/wp\/v2\/users\/1"}],"replies":[{"embeddable":true,"href":"https:\/\/chacosintesis.com.ar\/index.php\/wp-json\/wp\/v2\/comments?post=24877"}],"version-history":[{"count":0,"href":"https:\/\/chacosintesis.com.ar\/index.php\/wp-json\/wp\/v2\/posts\/24877\/revisions"}],"wp:featuredmedia":[{"embeddable":true,"href":"https:\/\/chacosintesis.com.ar\/index.php\/wp-json\/wp\/v2\/media\/24878"}],"wp:attachment":[{"href":"https:\/\/chacosintesis.com.ar\/index.php\/wp-json\/wp\/v2\/media?parent=24877"}],"wp:term":[{"taxonomy":"category","embeddable":true,"href":"https:\/\/chacosintesis.com.ar\/index.php\/wp-json\/wp\/v2\/categories?post=24877"},{"taxonomy":"post_tag","embeddable":true,"href":"https:\/\/chacosintesis.com.ar\/index.php\/wp-json\/wp\/v2\/tags?post=24877"}],"curies":[{"name":"wp","href":"https:\/\/api.w.org\/{rel}","templated":true}]}}