{"id":24874,"date":"2023-08-04T12:21:43","date_gmt":"2023-08-04T15:21:43","guid":{"rendered":"https:\/\/chacosintesis.com.ar\/?p=24874"},"modified":"2023-08-04T12:23:41","modified_gmt":"2023-08-04T15:23:41","slug":"la-justicia-decidio-mantener-presos-a-emerenciano-sena-y-a-marcela-acuna","status":"publish","type":"post","link":"https:\/\/chacosintesis.com.ar\/index.php\/la-justicia-decidio-mantener-presos-a-emerenciano-sena-y-a-marcela-acuna\/","title":{"rendered":"La justicia decidi\u00f3 mantener presos a Emerenciano Sena y a Marcela Acu\u00f1a"},"content":{"rendered":"<div class=\"postie-post\">Lo resolvi\u00f3 el juez de Garant\u00edas, H\u00e9ctor Sandoval, luego de escuchar a las partes. No prosper\u00f3 el pedido de los defensores de que el matrimonio piquetero quede libre.<\/p>\n<p>El Juzgado de Garant\u00edas n\u00famero 2 de Resistencia resolvi\u00f3 desestimar el pedido de cese de prisi\u00f3n preventiva formulado por los abogados defensores de Emerenciano Sena y Marcela Acu\u00f1a, detenidos bajo la acusaci\u00f3n de haber sido coautores \u2013junto a su hijo C\u00e9sar Sena- del asesinato de Cecilia Stryzowski, su nuera.<br \/>\nEl juez H\u00e9ctor Sandoval encabez\u00f3 la audiencia en la que hablaron los integrantes del equipo fiscal encabezado por Jorge C\u00e1ceres Olivera, a los abogados querellantes que representan a la familia de Cecilia y a los defensores de Sena y Acu\u00f1a.<br \/>\nLa decisi\u00f3n indica que claramente el magistrado consider\u00f3 que el matrimonio piquetero podr\u00eda entorpecer la marcha de la investigaci\u00f3n sobre lo ocurrido con Cecilia o darse a la fuga, por lo que determin\u00f3 que lo m\u00e1s conveniente es que contin\u00faen recluidos a disposici\u00f3n de la justicia.<\/p>\n<p>DIARIO NORTE.-<\/p>\n<\/div>\n","protected":false},"excerpt":{"rendered":"<p>Lo resolvi\u00f3 el juez de Garant\u00edas, H\u00e9ctor Sandoval, luego de escuchar a las partes. No prosper\u00f3 el pedido de los defensores de que el matrimonio piquetero quede libre. El Juzgado de Garant\u00edas n\u00famero 2 de Resistencia resolvi\u00f3 desestimar el pedido de cese de prisi\u00f3n preventiva formulado por los abogados defensores de Emerenciano Sena y Marcela [&hellip;]<\/p>\n","protected":false},"author":1,"featured_media":24875,"comment_status":"closed","ping_status":"closed","sticky":false,"template":"","format":"standard","meta":{"footnotes":""},"categories":[6],"tags":[197],"class_list":{"0":"post-24874","1":"post","2":"type-post","3":"status-publish","4":"format-standard","5":"has-post-thumbnail","7":"category-chaco","8":"tag-destacada"},"_links":{"self":[{"href":"https:\/\/chacosintesis.com.ar\/index.php\/wp-json\/wp\/v2\/posts\/24874","targetHints":{"allow":["GET"]}}],"collection":[{"href":"https:\/\/chacosintesis.com.ar\/index.php\/wp-json\/wp\/v2\/posts"}],"about":[{"href":"https:\/\/chacosintesis.com.ar\/index.php\/wp-json\/wp\/v2\/types\/post"}],"author":[{"embeddable":true,"href":"https:\/\/chacosintesis.com.ar\/index.php\/wp-json\/wp\/v2\/users\/1"}],"replies":[{"embeddable":true,"href":"https:\/\/chacosintesis.com.ar\/index.php\/wp-json\/wp\/v2\/comments?post=24874"}],"version-history":[{"count":0,"href":"https:\/\/chacosintesis.com.ar\/index.php\/wp-json\/wp\/v2\/posts\/24874\/revisions"}],"wp:featuredmedia":[{"embeddable":true,"href":"https:\/\/chacosintesis.com.ar\/index.php\/wp-json\/wp\/v2\/media\/24875"}],"wp:attachment":[{"href":"https:\/\/chacosintesis.com.ar\/index.php\/wp-json\/wp\/v2\/media?parent=24874"}],"wp:term":[{"taxonomy":"category","embeddable":true,"href":"https:\/\/chacosintesis.com.ar\/index.php\/wp-json\/wp\/v2\/categories?post=24874"},{"taxonomy":"post_tag","embeddable":true,"href":"https:\/\/chacosintesis.com.ar\/index.php\/wp-json\/wp\/v2\/tags?post=24874"}],"curies":[{"name":"wp","href":"https:\/\/api.w.org\/{rel}","templated":true}]}}