{"id":24870,"date":"2023-08-04T10:13:12","date_gmt":"2023-08-04T13:13:12","guid":{"rendered":"https:\/\/chacosintesis.com.ar\/?p=24870"},"modified":"2023-08-04T13:34:29","modified_gmt":"2023-08-04T16:34:29","slug":"zdero-seremos-el-gobierno-que-resuelva-los-problemas-de-la-gente","status":"publish","type":"post","link":"https:\/\/chacosintesis.com.ar\/index.php\/zdero-seremos-el-gobierno-que-resuelva-los-problemas-de-la-gente\/","title":{"rendered":"Zdero: &#8220;Seremos el gobierno que resuelva los problemas de la gente&#8221;"},"content":{"rendered":"<div class=\"postie-post\">Leandro Zdero, candidato a gobernador, y Roy Nikisch, candidato a intendente en Resistencia, de Juntos por el Cambio, desarrollaron esta semana diversas reuniones con vecinos, dirigentes y militantes de la capital chaque\u00f1a. \u201cEstuvimos coordinando los equipos de trabajo junto a Roy, muy agradecidos siempre por el apoyo de la gente, pero necesitamos ratificarlo y seguir convocando a m\u00e1s sectores que tambi\u00e9n quieren acompa\u00f1arnos. Se viene un nuevo tiempo y vamos a cambiar la historia del Chaco, porque seremos el gobierno que resuelva los problemas de la gente\u201d.<\/div>\n<div class=\"postie-post\">\nSobre estos encuentros realizados en la ciudad de Resistencia, Zdero agreg\u00f3: \u201cNos deb\u00edamos estas reuniones de trabajo para escuchar las propuestas, reorganizar los equipos y tambi\u00e9n las estrategias, de cara a las elecciones generales del 17 de septiembre. Seguimos avanzando y el contacto diario con los vecinos no se detiene, porque ahora somos uno. Nuestra convocatoria es amplia, tendemos puentes a muchos sectores, fortaleciendo el trabajo en territorio y porque tenemos esta gran oportunidad de volver a gobernar en este camino de la unidad\u201d.<\/div>\n<div class=\"postie-post\">\nROY NIKISCH: \u201cNO VAMOS A QUEDARNOS EN LA COMODIDAD DESPU\u00c9S DE LA DECISI\u00d3N DE LOS CHAQUE\u00d1OS\u201d<\/div>\n<div class=\"postie-post\">\nPor su parte, Roy Nikisch, candidato a Intendente en Resistencia de Juntos por el Cambio, asegur\u00f3 que: \u201cno podemos, ni vamos a quedarnos en la comodidad, despu\u00e9s de lo que decidieron los chaque\u00f1os en las urnas. La gente nos transmiti\u00f3 sus ganas de cambio porque hay un ciclo pol\u00edtico agotado y Leandro, nos marca el camino, con una motivaci\u00f3n muy fuerte, porque no ha parado de caminar la provincia. Vamos a seguir consolidando este cambio con trabajo, trabajo y m\u00e1s trabajo desde el lugar que nos toque estar en favor de los chaque\u00f1os. Por eso, nos pareci\u00f3 fundamental realizar estos encuentros, todos unidos, codo a codo y con la agenda que nos proponga la gente en cada barrio de nuestra ciudad\u201d.<\/div>\n","protected":false},"excerpt":{"rendered":"<p>Leandro Zdero, candidato a gobernador, y Roy Nikisch, candidato a intendente en Resistencia, de Juntos por el Cambio, desarrollaron esta semana diversas reuniones con vecinos, dirigentes y militantes de la capital chaque\u00f1a. \u201cEstuvimos coordinando los equipos de trabajo junto a Roy, muy agradecidos siempre por el apoyo de la gente, pero necesitamos ratificarlo y seguir [&hellip;]<\/p>\n","protected":false},"author":1,"featured_media":24871,"comment_status":"closed","ping_status":"closed","sticky":false,"template":"","format":"standard","meta":{"footnotes":""},"categories":[6],"tags":[],"class_list":{"0":"post-24870","1":"post","2":"type-post","3":"status-publish","4":"format-standard","5":"has-post-thumbnail","7":"category-chaco"},"_links":{"self":[{"href":"https:\/\/chacosintesis.com.ar\/index.php\/wp-json\/wp\/v2\/posts\/24870","targetHints":{"allow":["GET"]}}],"collection":[{"href":"https:\/\/chacosintesis.com.ar\/index.php\/wp-json\/wp\/v2\/posts"}],"about":[{"href":"https:\/\/chacosintesis.com.ar\/index.php\/wp-json\/wp\/v2\/types\/post"}],"author":[{"embeddable":true,"href":"https:\/\/chacosintesis.com.ar\/index.php\/wp-json\/wp\/v2\/users\/1"}],"replies":[{"embeddable":true,"href":"https:\/\/chacosintesis.com.ar\/index.php\/wp-json\/wp\/v2\/comments?post=24870"}],"version-history":[{"count":0,"href":"https:\/\/chacosintesis.com.ar\/index.php\/wp-json\/wp\/v2\/posts\/24870\/revisions"}],"wp:featuredmedia":[{"embeddable":true,"href":"https:\/\/chacosintesis.com.ar\/index.php\/wp-json\/wp\/v2\/media\/24871"}],"wp:attachment":[{"href":"https:\/\/chacosintesis.com.ar\/index.php\/wp-json\/wp\/v2\/media?parent=24870"}],"wp:term":[{"taxonomy":"category","embeddable":true,"href":"https:\/\/chacosintesis.com.ar\/index.php\/wp-json\/wp\/v2\/categories?post=24870"},{"taxonomy":"post_tag","embeddable":true,"href":"https:\/\/chacosintesis.com.ar\/index.php\/wp-json\/wp\/v2\/tags?post=24870"}],"curies":[{"name":"wp","href":"https:\/\/api.w.org\/{rel}","templated":true}]}}