{"id":24864,"date":"2023-08-04T10:01:21","date_gmt":"2023-08-04T13:01:21","guid":{"rendered":"https:\/\/chacosintesis.com.ar\/?p=24864"},"modified":"2023-08-04T10:06:52","modified_gmt":"2023-08-04T13:06:52","slug":"agasajo-a-los-estudiantes-chaquenos-que-inician-la-etapa-provincial-de-los-juegos-evita","status":"publish","type":"post","link":"https:\/\/chacosintesis.com.ar\/index.php\/agasajo-a-los-estudiantes-chaquenos-que-inician-la-etapa-provincial-de-los-juegos-evita\/","title":{"rendered":"Agasajo a los estudiantes chaque\u00f1os que inician la etapa provincial de los Juegos Evita"},"content":{"rendered":"<div class=\"postie-post\">Estudiantes, docentes y representantes de m\u00e1s de 60 municipios participaron de la cena, organizado por el Ministerio de Educaci\u00f3n y el Instituto del Deporte Chaque\u00f1o. Todos ellos participar\u00e1n de la primera fecha de Instancia Provincial de los Juegos Nacionales Evita Edici\u00f3n 2023.<\/p>\n<p>El gobernador Jorge Capitanich particip\u00f3 este jueves de la cena bienvenida a los estudiantes y docentes que participar\u00e1n de los pr\u00f3ximos Juegos Evita, quienes dar\u00e1n inicio este viernes a la primera fecha de la instancia provincial. \u201cValoramos el deporte porque construye valores, y en este caso, nos brinda una representatividad como provincia\u201d, afirm\u00f3 el mandatario.<br \/>\nEsta cena se constituye como la previa al inicio de las competencias en su instancia provincial, que tendr\u00e1 lugar este viernes con el lanzamiento de las disciplinas de atletismo y handball femenino en la categor\u00eda Sub-14, donde participar\u00e1n m\u00e1s de 400 estudiantes acompa\u00f1ados por 80 docentes, jueces y organizadores.<br \/>\n\u201cEsta es una experiencia extraordinaria, porque desde la primera instancia se han movilizado m\u00e1s de 60.000 estudiantes de toda la provincia\u201d, sostuvo el gobernador durante el agasajo, a la vez que record\u00f3 que \u201cel deporte aleja a las personas de los consumos problem\u00e1ticos, fortalece el esp\u00edritu de competencia sana, crea amistades, compa\u00f1erismo, lealtad, y muchos otros valores que lo constituyen una pr\u00e1ctica esencial para la vida\u201d.<br \/>\n Capitanich tambi\u00e9n hizo hincapi\u00e9 en el lugar que ocupan las pol\u00edticas p\u00fablicas de apoyo al deporte durante esta gesti\u00f3n al frente del Ejecutivo: \u201cHemos propiciado un modelo de financiamiento de aproximadamente 13.500 millones de pesos para m\u00e1s de 500 instituciones deportivas, tanto para su desarrollo en infraestructura como tambi\u00e9n para la compra de materiales deportivos. Y todo esto lo hacemos como impulso al deporte social, intercolegiales, al deporte adaptado, al federado y al de alto rendimiento\u201d.<br \/>\nPor su parte, el ministro de Educaci\u00f3n, Aldo Lineras, coment\u00f3 al respecto que \u201cesta es una de las mayores alegr\u00edas que uno tiene en el desarrollo deportivo por lo que significan los juegos Evita. Este evento es una forma de educaci\u00f3n, con la posibilidad de compartir y competir. Realmente me produce una gran satisfacci\u00f3n, porque irremediablemente trae recuerdos nost\u00e1lgicos\u201d.<br \/>\nA su vez, el presidente del Instituto del Deporte, Osvaldo P\u00e9rez Cuevas, afirm\u00f3 que \u201csiempre vimos a los Juegos Evita como algo m\u00e1s que una competencia deportiva, por eso todos los gastos est\u00e1n cubiertos por el Estado provincial. Esta cena camarader\u00eda les sirve much\u00edsimo a los chicos para conocerse, entablar relaciones y crear recuerdos, para ya este viernes comenzar con los torneos\u201d.<br \/>\nLos Juegos comenzaron a desarrollarse en mayo con las instancias institucionales\/locales, para luego pasar a la instancia regional\/zonal. Finalmente, la instancia provincial es la \u00faltima etapa, en la que se decidir\u00e1n los 1.000 deportistas que representar\u00e1n al Chaco en los juegos principales a disputarse en Mar del Plata.<br \/>\nCabe aclarar que esta \u00faltima se divide en tres fechas, siendo la primera la que en esta oportunidad se desarrolla. La segunda se desarrollar\u00e1 los d\u00edas 10 y 11 de agosto, donde participar\u00e1n delegaciones de atletismo Sub-17 femenino y masculino y cestoball Sub-15 femenino. Mientras que la \u00faltima fecha se realizar\u00e1 el 17 y 18 de agosto, donde competir\u00e1n delegaciones de atletismo adaptado Sub-14, 16 y 18 y handball masculino.<\/p>\n<p>Esta actividad implica la movilizaci\u00f3n de estudiantes deportistas m\u00e1s grande que se realiza a nivel provincial, con una inversi\u00f3n de $57.000.000 entre traslado, alojamiento, alimentaci\u00f3n y premiaciones.<br \/>\nLas localidades que participan del evento en esta oportunidad son: Fuerte Esperanza, Misi\u00f3n Nueva Pompeya, Miraflores, Juan Jos\u00e9 Castelli, Pasaje Bedogni, Wich\u00ed El Pintado, Zaparinqui, Villa R\u00edo Bermejito, Tres Isletas, Taco Pozo, Los Frentones, R\u00edo Muerto, Pampa del Infierno, Presidencia Roque S\u00e1enz Pe\u00f1a, Quitilipi, Machagai, Ciervo Petiso, General Jos\u00e9 de San Mart\u00edn, Pampa del Indio, Pampa Almir\u00f3n, Laguna Blanca, Presidencia Roca, Selvas R\u00edo de Oro, Puerto Bermejo, General Vedia, La Leonesa, Las Palmas, Puerto Eva Per\u00f3n, Isla del Cerrito, Las Garcitas, La Escondida, General Capdevila, Las Tolder\u00edas, Colonias Unidas, Colonia Elisa, Gancedo, General Pinedo, Las Bre\u00f1as, Charata, Corzuela, Campo Largo, Chorotis, Santa Sylvina, Coronel Du Graty, Villa \u00c1ngela, San Bernardo, Venado Grande, Charadai y Resistencia.<br \/>\nLos Juegos Nacionales Evita se constituyen como la competencia m\u00e1s importante del pa\u00eds por la magnitud y alcance de su propuesta, en tanto que, representa la oportunidad de participar en un certamen organizado en m\u00e1s de 50 disciplinas deportivas, a miles de estudiantes de escuelas primarias y secundarias en su modalidad escolar, adaptado y comunitario.<br \/>\nA lo largo de su historia fue interrumpido por diferentes motivos, hasta que, en el a\u00f1o 2003, a poco de haber asumido como presidente, N\u00e9stor Kirchner, decide \u2013por decreto\u2013 retomar la realizaci\u00f3n de las competencias, las cuales se reanudan en el 2004. Ya en el a\u00f1o 2008 durante el gobierno de Cristina Fern\u00e1ndez, a trav\u00e9s de un Plan Nacional, se convierte en Ley. Recientemente, la \u00faltima interrupci\u00f3n que sufri\u00f3 fue a ra\u00edz de la pandemia a causa del COVID-19.<\/p><\/div>\n","protected":false},"excerpt":{"rendered":"<p>Estudiantes, docentes y representantes de m\u00e1s de 60 municipios participaron de la cena, organizado por el Ministerio de Educaci\u00f3n y el Instituto del Deporte Chaque\u00f1o. Todos ellos participar\u00e1n de la primera fecha de Instancia Provincial de los Juegos Nacionales Evita Edici\u00f3n 2023. El gobernador Jorge Capitanich particip\u00f3 este jueves de la cena bienvenida a los [&hellip;]<\/p>\n","protected":false},"author":1,"featured_media":24865,"comment_status":"closed","ping_status":"closed","sticky":false,"template":"","format":"standard","meta":{"footnotes":""},"categories":[6],"tags":[],"class_list":{"0":"post-24864","1":"post","2":"type-post","3":"status-publish","4":"format-standard","5":"has-post-thumbnail","7":"category-chaco"},"_links":{"self":[{"href":"https:\/\/chacosintesis.com.ar\/index.php\/wp-json\/wp\/v2\/posts\/24864","targetHints":{"allow":["GET"]}}],"collection":[{"href":"https:\/\/chacosintesis.com.ar\/index.php\/wp-json\/wp\/v2\/posts"}],"about":[{"href":"https:\/\/chacosintesis.com.ar\/index.php\/wp-json\/wp\/v2\/types\/post"}],"author":[{"embeddable":true,"href":"https:\/\/chacosintesis.com.ar\/index.php\/wp-json\/wp\/v2\/users\/1"}],"replies":[{"embeddable":true,"href":"https:\/\/chacosintesis.com.ar\/index.php\/wp-json\/wp\/v2\/comments?post=24864"}],"version-history":[{"count":0,"href":"https:\/\/chacosintesis.com.ar\/index.php\/wp-json\/wp\/v2\/posts\/24864\/revisions"}],"wp:featuredmedia":[{"embeddable":true,"href":"https:\/\/chacosintesis.com.ar\/index.php\/wp-json\/wp\/v2\/media\/24865"}],"wp:attachment":[{"href":"https:\/\/chacosintesis.com.ar\/index.php\/wp-json\/wp\/v2\/media?parent=24864"}],"wp:term":[{"taxonomy":"category","embeddable":true,"href":"https:\/\/chacosintesis.com.ar\/index.php\/wp-json\/wp\/v2\/categories?post=24864"},{"taxonomy":"post_tag","embeddable":true,"href":"https:\/\/chacosintesis.com.ar\/index.php\/wp-json\/wp\/v2\/tags?post=24864"}],"curies":[{"name":"wp","href":"https:\/\/api.w.org\/{rel}","templated":true}]}}