{"id":24862,"date":"2023-08-04T09:59:29","date_gmt":"2023-08-04T12:59:29","guid":{"rendered":"https:\/\/chacosintesis.com.ar\/?p=24862"},"modified":"2023-08-04T10:06:49","modified_gmt":"2023-08-04T13:06:49","slug":"puerto-tirol-impactante-choque-entre-una-camioneta-y-una-moto-en-ruta-16-dos-muertos","status":"publish","type":"post","link":"https:\/\/chacosintesis.com.ar\/index.php\/puerto-tirol-impactante-choque-entre-una-camioneta-y-una-moto-en-ruta-16-dos-muertos\/","title":{"rendered":"Puerto Tirol: impactante choque entre una camioneta y una moto en ruta 16: dos muertos"},"content":{"rendered":"<div class=\"postie-post\">El siniestro sucedi\u00f3 en la ma\u00f1ana de este viernes, en la Ruta Nacional N\u00b016, al kil\u00f3metro 23, en cercan\u00edas a Puerto Tirol a las 7:30. En el lugar dos personas fallecieron.<\/p>\n<p>Seg\u00fan lo comunicado por la polic\u00eda, se trata de una camioneta Volkswagen Amarok perteneciente a una empresa Consignaci\u00f3n de Hacienda, que era guiada por un ciudadano de 41 a\u00f1os con domicilio en Corrientes.<\/p>\n<p>Por otro lado, el impacto se dio contra una motocicleta 110 en d\u00f3nde viajaban un hombre de 52 a\u00f1os y su acompa\u00f1ante de 60, quienes fallecieron en el acto.<\/p>\n<p>Intervino Fiscal\u00eda en turno, Gabinete Cient\u00edfico, M\u00e9dico Policial y Divisi\u00f3n Bomberos Metropolitana. En tanto personal de la Polic\u00eda Caminera, regulan el tr\u00e1nsito vehicul<\/p>\n<p>Diario22.ar<\/p><\/div>\n","protected":false},"excerpt":{"rendered":"<p>El siniestro sucedi\u00f3 en la ma\u00f1ana de este viernes, en la Ruta Nacional N\u00b016, al kil\u00f3metro 23, en cercan\u00edas a Puerto Tirol a las 7:30. En el lugar dos personas fallecieron. Seg\u00fan lo comunicado por la polic\u00eda, se trata de una camioneta Volkswagen Amarok perteneciente a una empresa Consignaci\u00f3n de Hacienda, que era guiada por [&hellip;]<\/p>\n","protected":false},"author":1,"featured_media":24863,"comment_status":"closed","ping_status":"closed","sticky":false,"template":"","format":"standard","meta":{"footnotes":""},"categories":[6],"tags":[],"class_list":{"0":"post-24862","1":"post","2":"type-post","3":"status-publish","4":"format-standard","5":"has-post-thumbnail","7":"category-chaco"},"_links":{"self":[{"href":"https:\/\/chacosintesis.com.ar\/index.php\/wp-json\/wp\/v2\/posts\/24862","targetHints":{"allow":["GET"]}}],"collection":[{"href":"https:\/\/chacosintesis.com.ar\/index.php\/wp-json\/wp\/v2\/posts"}],"about":[{"href":"https:\/\/chacosintesis.com.ar\/index.php\/wp-json\/wp\/v2\/types\/post"}],"author":[{"embeddable":true,"href":"https:\/\/chacosintesis.com.ar\/index.php\/wp-json\/wp\/v2\/users\/1"}],"replies":[{"embeddable":true,"href":"https:\/\/chacosintesis.com.ar\/index.php\/wp-json\/wp\/v2\/comments?post=24862"}],"version-history":[{"count":0,"href":"https:\/\/chacosintesis.com.ar\/index.php\/wp-json\/wp\/v2\/posts\/24862\/revisions"}],"wp:featuredmedia":[{"embeddable":true,"href":"https:\/\/chacosintesis.com.ar\/index.php\/wp-json\/wp\/v2\/media\/24863"}],"wp:attachment":[{"href":"https:\/\/chacosintesis.com.ar\/index.php\/wp-json\/wp\/v2\/media?parent=24862"}],"wp:term":[{"taxonomy":"category","embeddable":true,"href":"https:\/\/chacosintesis.com.ar\/index.php\/wp-json\/wp\/v2\/categories?post=24862"},{"taxonomy":"post_tag","embeddable":true,"href":"https:\/\/chacosintesis.com.ar\/index.php\/wp-json\/wp\/v2\/tags?post=24862"}],"curies":[{"name":"wp","href":"https:\/\/api.w.org\/{rel}","templated":true}]}}