{"id":24858,"date":"2023-08-03T22:33:01","date_gmt":"2023-08-04T01:33:01","guid":{"rendered":"https:\/\/chacosintesis.com.ar\/?p=24858"},"modified":"2023-08-03T22:33:02","modified_gmt":"2023-08-04T01:33:02","slug":"el-chipa-cuerito-y-la-torta-parrilla-convocan-en-margarita-belen","status":"publish","type":"post","link":"https:\/\/chacosintesis.com.ar\/index.php\/el-chipa-cuerito-y-la-torta-parrilla-convocan-en-margarita-belen\/","title":{"rendered":"El Chip\u00e1 Cuerito y la Torta Parrilla convocan en Margarita Bel\u00e9n"},"content":{"rendered":"\n<h6 class=\"wp-block-heading\">La propuesta forma parte del programa Chaco Celebra que despliega el Gobierno provincial a trav\u00e9s del Instituto de Cultura del Chaco y Loter\u00eda Chaque\u00f1a.<\/h6>\n\n\n\n<p>El domingo 6 de agosto, desde las 10, en Margarita Bel\u00e9n se realizar\u00e1 el Festival Regional del Chip\u00e1 Cuerito y la Torta Parrilla. La propuesta forma parte del programa Chaco Celebra que despliega el Gobierno provincial a trav\u00e9s del Instituto de Cultura del Chaco y Loter\u00eda Chaque\u00f1a. El evento ofrece una agenda con propuestas culturales y de entretenimiento. Adem\u00e1s de la competencia y premiaci\u00f3n en elaboraci\u00f3n de chip\u00e1 cuerito y torta parrilla, habr\u00e1 espect\u00e1culos en vivo durante toda la jornada.<\/p>\n\n\n\n<p>El presidente del Instituto de Cultura del Chaco, Francisco Romero, destac\u00f3 que es \u201cun festival hermoso\u201d que se realizar\u00e1 en la nueva Avenida 17 de Agosto. \u201cA trav\u00e9s del programa Chaco Celebra recorremos la provincia reconociendo lo identitario de cada localidad de la provincia\u201d. Invitamos a todos y todas a pasar un d\u00eda maravilloso y a disfrutar de la gastronom\u00eda local\u201d, agreg\u00f3.<\/p>\n\n\n\n<h3 class=\"wp-block-heading\">El festival<\/h3>\n\n\n\n<p>El Festival del Chip\u00e1 Cuerito y Torta Parrilla comenz\u00f3 en 2003 por iniciativa de la Asociaci\u00f3n Civil Amigos de Margarita Bel\u00e9n. El eje de la celebraci\u00f3n es la preservaci\u00f3n de la tradici\u00f3n gastron\u00f3mica local y del Norte argentino. El chip\u00e1 cuerito y la torta parrilla en la econom\u00eda local hacen referencia a comidas accesibles a todos los estratos sociales, propagando la cultura y la forma de preparaci\u00f3n entre padres e hijos. Esta celebraci\u00f3n es uno de los principales atractivos tur\u00edsticos y culturales de Margarita Bel\u00e9n, mostrando los sabores que identifican y hacen \u00fanica a la provincia. Dicho festival se encuadra dentro del calendario de las fiestas populares de la provincia y a trav\u00e9s de los a\u00f1os recibe un importante n\u00famero de visitantes.<\/p>\n\n\n\n<h3 class=\"wp-block-heading\">Chaco Celebra<\/h3>\n\n\n\n<p>El Gobierno provincial a trav\u00e9s del Instituto de Cultura y Loter\u00eda Chaque\u00f1a con el acompa\u00f1amiento de Chaco TV llevan adelante el programa Chaco Celebra, con el objetivo de fortalecer las identidades locales y los procesos de memorias que las sostienen mediante la puesta en valor de las celebraciones populares m\u00e1s significativas de todo el territorio provincial.<\/p>\n\n\n\n<p>A trav\u00e9s del financiamiento p\u00fablico Chaco Celebra fomenta las redes de producci\u00f3n cultural, generando el fortalecimiento del circuito productivo cultural. Se propone la revalorizaci\u00f3n de los bienes y servicios culturales promoviendo redes de circulaci\u00f3n y comercio justo, revalorizando tanto los productos y servicios culturales, como tambi\u00e9n el proceso creativo de esas producciones. Fomenta as\u00ed las econom\u00edas creativas locales que caracterizan y posicionan a nivel nacional al Chaco como capital intercultural. Adem\u00e1s, promueve las recopilaciones y\/o revisiones de las historias locales, propiciando la valoraci\u00f3n positiva de la diversidad cultural abordada desde la perspectiva de la interculturalidad.<\/p>\n","protected":false},"excerpt":{"rendered":"<p>La propuesta forma parte del programa Chaco Celebra que despliega el Gobierno provincial a trav\u00e9s del Instituto de Cultura del Chaco y Loter\u00eda Chaque\u00f1a. El domingo 6 de agosto, desde las 10, en Margarita Bel\u00e9n se realizar\u00e1 el Festival Regional del Chip\u00e1 Cuerito y la Torta Parrilla. La propuesta forma parte del programa Chaco Celebra [&hellip;]<\/p>\n","protected":false},"author":1,"featured_media":24859,"comment_status":"closed","ping_status":"closed","sticky":false,"template":"","format":"standard","meta":{"footnotes":""},"categories":[6],"tags":[],"class_list":{"0":"post-24858","1":"post","2":"type-post","3":"status-publish","4":"format-standard","5":"has-post-thumbnail","7":"category-chaco"},"_links":{"self":[{"href":"https:\/\/chacosintesis.com.ar\/index.php\/wp-json\/wp\/v2\/posts\/24858","targetHints":{"allow":["GET"]}}],"collection":[{"href":"https:\/\/chacosintesis.com.ar\/index.php\/wp-json\/wp\/v2\/posts"}],"about":[{"href":"https:\/\/chacosintesis.com.ar\/index.php\/wp-json\/wp\/v2\/types\/post"}],"author":[{"embeddable":true,"href":"https:\/\/chacosintesis.com.ar\/index.php\/wp-json\/wp\/v2\/users\/1"}],"replies":[{"embeddable":true,"href":"https:\/\/chacosintesis.com.ar\/index.php\/wp-json\/wp\/v2\/comments?post=24858"}],"version-history":[{"count":0,"href":"https:\/\/chacosintesis.com.ar\/index.php\/wp-json\/wp\/v2\/posts\/24858\/revisions"}],"wp:featuredmedia":[{"embeddable":true,"href":"https:\/\/chacosintesis.com.ar\/index.php\/wp-json\/wp\/v2\/media\/24859"}],"wp:attachment":[{"href":"https:\/\/chacosintesis.com.ar\/index.php\/wp-json\/wp\/v2\/media?parent=24858"}],"wp:term":[{"taxonomy":"category","embeddable":true,"href":"https:\/\/chacosintesis.com.ar\/index.php\/wp-json\/wp\/v2\/categories?post=24858"},{"taxonomy":"post_tag","embeddable":true,"href":"https:\/\/chacosintesis.com.ar\/index.php\/wp-json\/wp\/v2\/tags?post=24858"}],"curies":[{"name":"wp","href":"https:\/\/api.w.org\/{rel}","templated":true}]}}