{"id":24856,"date":"2023-08-03T22:14:16","date_gmt":"2023-08-04T01:14:16","guid":{"rendered":"https:\/\/chacosintesis.com.ar\/?p=24856"},"modified":"2023-08-03T22:27:16","modified_gmt":"2023-08-04T01:27:16","slug":"fallecio-el-padre-de-cecilia-strzyzowski-en-el-mismo-dia-del-cumpleanos-de-la-joven","status":"publish","type":"post","link":"https:\/\/chacosintesis.com.ar\/index.php\/fallecio-el-padre-de-cecilia-strzyzowski-en-el-mismo-dia-del-cumpleanos-de-la-joven\/","title":{"rendered":"Falleci\u00f3 el padre de Cecilia Strzyzowski en el mismo d\u00eda del cumplea\u00f1os de la joven"},"content":{"rendered":"<div class=\"postie-post\">Se trata de Miguel Strzyzowski, quien coment\u00f3 semanas atras que ya sufr\u00eda varios problemas de salud.<\/p>\n<p>Este jueves se confirm\u00f3 la triste noticia. El padre de la joven chaque\u00f1a desaparecida desde principios del mes de junio hab\u00eda sido internado de urgencia en las \u00faltimas horas en un sanatorio del centro de Resistencia.<\/p>\n<p>En un primer momento, desde la entidad informaron que pose\u00eda un &#8220;pron\u00f3stico reversado&#8221;. Cabe resaltar que Miguel hab\u00eda asegurado en una entrevista brindada semanas atr\u00e1s que ten\u00eda tres stents y trataba de &#8220;no angustiarse por las noticias que ve\u00eda en los medios de comunicaci\u00f3n&#8221;.<br \/>\nLa \u00fanica vez que se vio a Miguel en los medios fue el pasado 26 de junio, fue all\u00ed donde afirm\u00f3:&#8221;No puedo pensar que haya gente que pueda hacer eso. No s\u00e9 si tienen perd\u00f3n. Es fundamental que los culpables paguen por lo que le hayan hecho a Cecilia&#8221;.<\/p>\n<p>&#8220;Sinceramente, no s\u00e9 si tienen poder. Lo fundamental es que los culpables paguen&#8221;, asegur\u00f3 Miguel en declaraciones a LN+, al referirse a los tres integrantes de la familia Sena y a otros cuatro imputados por el crimen de la joven de 28 a\u00f1os.<\/p>\n<p>DIARIO CHACO.-<\/p>\n<\/div>\n","protected":false},"excerpt":{"rendered":"<p>Se trata de Miguel Strzyzowski, quien coment\u00f3 semanas atras que ya sufr\u00eda varios problemas de salud. Este jueves se confirm\u00f3 la triste noticia. El padre de la joven chaque\u00f1a desaparecida desde principios del mes de junio hab\u00eda sido internado de urgencia en las \u00faltimas horas en un sanatorio del centro de Resistencia. En un primer [&hellip;]<\/p>\n","protected":false},"author":1,"featured_media":24857,"comment_status":"closed","ping_status":"closed","sticky":false,"template":"","format":"standard","meta":{"footnotes":""},"categories":[6],"tags":[197],"class_list":{"0":"post-24856","1":"post","2":"type-post","3":"status-publish","4":"format-standard","5":"has-post-thumbnail","7":"category-chaco","8":"tag-destacada"},"_links":{"self":[{"href":"https:\/\/chacosintesis.com.ar\/index.php\/wp-json\/wp\/v2\/posts\/24856","targetHints":{"allow":["GET"]}}],"collection":[{"href":"https:\/\/chacosintesis.com.ar\/index.php\/wp-json\/wp\/v2\/posts"}],"about":[{"href":"https:\/\/chacosintesis.com.ar\/index.php\/wp-json\/wp\/v2\/types\/post"}],"author":[{"embeddable":true,"href":"https:\/\/chacosintesis.com.ar\/index.php\/wp-json\/wp\/v2\/users\/1"}],"replies":[{"embeddable":true,"href":"https:\/\/chacosintesis.com.ar\/index.php\/wp-json\/wp\/v2\/comments?post=24856"}],"version-history":[{"count":0,"href":"https:\/\/chacosintesis.com.ar\/index.php\/wp-json\/wp\/v2\/posts\/24856\/revisions"}],"wp:featuredmedia":[{"embeddable":true,"href":"https:\/\/chacosintesis.com.ar\/index.php\/wp-json\/wp\/v2\/media\/24857"}],"wp:attachment":[{"href":"https:\/\/chacosintesis.com.ar\/index.php\/wp-json\/wp\/v2\/media?parent=24856"}],"wp:term":[{"taxonomy":"category","embeddable":true,"href":"https:\/\/chacosintesis.com.ar\/index.php\/wp-json\/wp\/v2\/categories?post=24856"},{"taxonomy":"post_tag","embeddable":true,"href":"https:\/\/chacosintesis.com.ar\/index.php\/wp-json\/wp\/v2\/tags?post=24856"}],"curies":[{"name":"wp","href":"https:\/\/api.w.org\/{rel}","templated":true}]}}