{"id":24851,"date":"2023-08-03T08:55:03","date_gmt":"2023-08-03T11:55:03","guid":{"rendered":"https:\/\/chacosintesis.com.ar\/?p=24851"},"modified":"2023-08-03T09:07:29","modified_gmt":"2023-08-03T12:07:29","slug":"slimel-cargo-contra-la-oposicion-sobre-el-uso-de-celulares-en-carceles-es-necesario-que-dejen-de-mentir","status":"publish","type":"post","link":"https:\/\/chacosintesis.com.ar\/index.php\/slimel-cargo-contra-la-oposicion-sobre-el-uso-de-celulares-en-carceles-es-necesario-que-dejen-de-mentir\/","title":{"rendered":"Slimel carg\u00f3 contra la oposici\u00f3n sobre el uso de celulares en c\u00e1rceles: \u201cEs necesario que dejen de mentir\u201d"},"content":{"rendered":"<div class=\"postie-post\">El diputado provincial, en nombre del Bloque Justicialista, se refiri\u00f3 a la vigencia de la regularizaci\u00f3n del uso de telefon\u00eda celular en la provincia, conforme a la Resoluci\u00f3n N\u00b0676\/22 del Ministerio de Seguridad y Justicia. \u201cEs muy triste que sigan usando los mismos temas, en cada sesi\u00f3n, para hacer una mala pol\u00edtica y confundir a la gente\u201d, asegur\u00f3.<\/p>\n<p>El diputado provincial Nicol\u00e1s Slimel se refiri\u00f3, en nombre del Bloque Justicialista, al veto parcial enviado por el Poder Ejecutivo sobre la sanci\u00f3n legislativa 3794-J, que establece la \u201cprohibici\u00f3n del uso de telefon\u00eda celular e internet en los establecimientos penitenciarios\u201d.<br \/>\nEn este sentido, y teniendo en cuenta que este punto no se encontraba en el temario de las y los legisladores en la sesi\u00f3n ordinaria del d\u00eda, asegur\u00f3 en nombre del Bloque Oficialista que \u201cacordamos el tratamiento del veto en la pr\u00f3xima sesi\u00f3n ordinaria\u201d y argument\u00f3 los motivos: \u201cPrimero hay que analizarlo t\u00e9cnicamente desde el punto de vista que plantea el Poder Ejecutivo provincial, y lo segundo, si vamos a tener coherencia y respeto por nuestra sociedad, es necesario que la oposici\u00f3n deje de mentir\u201d, ratific\u00f3.<br \/>\nEn relaci\u00f3n al planteo de la oposici\u00f3n en el recinto legislativo, dijo que \u201ces muy triste que aprovechen el momento para decir que no queremos limitar el uso de celulares en las c\u00e1rceles y que sigan usando los mismos temas, en cada sesi\u00f3n, para hacer una mala pol\u00edtica y confundir a la gente\u201d. \u201cLa oposici\u00f3n otra vez busca un caso sensible, como el caso Cecilia, para hacer pol\u00edtica. Me parece repugnante que sigan haciendo lo mismo\u201d, exclam\u00f3 Slimel.<br \/>\nSobre la posible reformulaci\u00f3n del proyecto de Ley, el diputado explic\u00f3 tambi\u00e9n que \u201chay propuestas superadoras que se est\u00e1n analizando, que pueden sumar y aportar mucho al tema en debate\u201d.<br \/>\nLa Resoluci\u00f3n N\u00b0676\/22 del Ministerio de Seguridad y Justicia, establece el mecanismo y un protocolo de reglamentaci\u00f3n del uso de telefon\u00eda celular por parte de los detenidos, brindando a los agentes policiales y penitenciarios, ejercer un control estricto sobre el uso de los dispositivos.<br \/>\nEl veto parcial enviado por el Poder Ejecutivo tiene una vigencia de noventa d\u00edas desde su presentaci\u00f3n, por lo que caducar\u00eda en octubre de 2023. En votaci\u00f3n a mano alzada y sin la aprobaci\u00f3n de los dos tercios de los presentes, el debate se realizar\u00e1 en la pr\u00f3xima sesi\u00f3n ordinaria, que se realizar\u00e1 el mi\u00e9rcoles 16 de agosto luego de las elecciones Primarias, Abiertas, Simult\u00e1neas y Obligatorias (PASO), como tema prioritario.<\/p><\/div>\n","protected":false},"excerpt":{"rendered":"<p>El diputado provincial, en nombre del Bloque Justicialista, se refiri\u00f3 a la vigencia de la regularizaci\u00f3n del uso de telefon\u00eda celular en la provincia, conforme a la Resoluci\u00f3n N\u00b0676\/22 del Ministerio de Seguridad y Justicia. \u201cEs muy triste que sigan usando los mismos temas, en cada sesi\u00f3n, para hacer una mala pol\u00edtica y confundir a [&hellip;]<\/p>\n","protected":false},"author":1,"featured_media":24852,"comment_status":"closed","ping_status":"closed","sticky":false,"template":"","format":"standard","meta":{"footnotes":""},"categories":[6],"tags":[],"class_list":{"0":"post-24851","1":"post","2":"type-post","3":"status-publish","4":"format-standard","5":"has-post-thumbnail","7":"category-chaco"},"_links":{"self":[{"href":"https:\/\/chacosintesis.com.ar\/index.php\/wp-json\/wp\/v2\/posts\/24851","targetHints":{"allow":["GET"]}}],"collection":[{"href":"https:\/\/chacosintesis.com.ar\/index.php\/wp-json\/wp\/v2\/posts"}],"about":[{"href":"https:\/\/chacosintesis.com.ar\/index.php\/wp-json\/wp\/v2\/types\/post"}],"author":[{"embeddable":true,"href":"https:\/\/chacosintesis.com.ar\/index.php\/wp-json\/wp\/v2\/users\/1"}],"replies":[{"embeddable":true,"href":"https:\/\/chacosintesis.com.ar\/index.php\/wp-json\/wp\/v2\/comments?post=24851"}],"version-history":[{"count":0,"href":"https:\/\/chacosintesis.com.ar\/index.php\/wp-json\/wp\/v2\/posts\/24851\/revisions"}],"wp:featuredmedia":[{"embeddable":true,"href":"https:\/\/chacosintesis.com.ar\/index.php\/wp-json\/wp\/v2\/media\/24852"}],"wp:attachment":[{"href":"https:\/\/chacosintesis.com.ar\/index.php\/wp-json\/wp\/v2\/media?parent=24851"}],"wp:term":[{"taxonomy":"category","embeddable":true,"href":"https:\/\/chacosintesis.com.ar\/index.php\/wp-json\/wp\/v2\/categories?post=24851"},{"taxonomy":"post_tag","embeddable":true,"href":"https:\/\/chacosintesis.com.ar\/index.php\/wp-json\/wp\/v2\/tags?post=24851"}],"curies":[{"name":"wp","href":"https:\/\/api.w.org\/{rel}","templated":true}]}}