{"id":24849,"date":"2023-08-03T08:52:17","date_gmt":"2023-08-03T11:52:17","guid":{"rendered":"https:\/\/chacosintesis.com.ar\/?p=24849"},"modified":"2023-08-03T09:07:29","modified_gmt":"2023-08-03T12:07:29","slug":"zdero-en-saenz-pena-con-pastores-y-lideres-la-construccion-la-hacemos-entre-todos","status":"publish","type":"post","link":"https:\/\/chacosintesis.com.ar\/index.php\/zdero-en-saenz-pena-con-pastores-y-lideres-la-construccion-la-hacemos-entre-todos\/","title":{"rendered":"Zdero en S\u00e1enz Pe\u00f1a con pastores y l\u00edderes: &#8220;La construcci\u00f3n la hacemos entre todos&#8221;"},"content":{"rendered":"<div class=\"postie-post\">Leandro Zdero y Silvana Schneider, la f\u00f3rmula para la gobernaci\u00f3n de Juntos por el Cambio, mantuvieron una reuni\u00f3n con Pastores y L\u00edderes espirituales del Chaco, en la ciudad de Presidencia Roque S\u00e1enz Pe\u00f1a. \u201cLa construcci\u00f3n del nuevo Chaco, lo haremos entre todos; esta convocatoria es para asumir compromisos y que dejemos de ser meros espectadores. Son m\u00faltiples los problemas a resolver, pero estoy convencido que junto a las iglesias vamos a trabajar con propuestas y con pol\u00edticas p\u00fablicas que mejoren la calidad de vida de las personas\u201d- expres\u00f3.<br \/>\nEl conversatorio se desarroll\u00f3 en el Club Social, de la ciudad termal, con la presencia de numerosas congregaciones de distintas localidades chaque\u00f1as. Zdero, dio a conocer sus propuestas, entre ellas, \u201cla creaci\u00f3n de oficinas en cada municipio que puedan articular tareas vinculadas con la Direcci\u00f3n de Culto y facilitar as\u00ed los tr\u00e1mites necesarios para las congregaciones. Adem\u00e1s, mejorar las posibilidades para el acceso a la vivienda, a la salud, a la educaci\u00f3n y a los proyectos productivos que les permita recuperar la dignidad, a trav\u00e9s del trabajo y terminar con eso de llevar \u201cde las narices\u201d a la gente\u201d.<br \/>\nVAMOS A INSTALAR UN CENTRO P\u00daBLICO DE RECUPERACI\u00d3N PARA PERSONAS CON CONSUMOS PROBLEM\u00c1TICOS<br \/>\nPor \u00faltimo, entre sus propuestas, Zdero mencion\u00f3: \u201cSon m\u00faltiples los problemas a resolver y ustedes tienen un rol fundamental a trav\u00e9s de la educaci\u00f3n, \u00bfCu\u00e1ntos de ustedes trabajan en silencio y el estado no los acompa\u00f1a? sino que mira para otro lado. Necesitamos cuidar a los chaque\u00f1os, con un Plan de Seguridad P\u00fablica Integral, con un fuerte combate al narcotr\u00e1fico en cada rinc\u00f3n del Chaco como una pol\u00edtica de estado, combatir lo que hace mal a tantos chaque\u00f1os y familias. Para eso, vamos a instalar un Centro P\u00fablico de Recuperaci\u00f3n para las personas con consumos problem\u00e1ticos, hay experiencias en el pa\u00eds y nosotros lo vamos a replicar ac\u00e1. No podemos permitir que se destruyan los sue\u00f1os de nuestros j\u00f3venes, tenemos que estar, acompa\u00f1arlos y luchar por su recuperaci\u00f3n. Viene un nuevo tiempo para el Chaco y en ese convencimiento, abrazamos fuertemente la firme decisi\u00f3n de gobernar la provincia\u201d.<br \/>\nAcompa\u00f1aron a Leandro Zdero, en este conversatorio provincial el Intendente Bruno Cipolini, el senador V\u00edctor Zimmermann, Gerardo Cipolini, actual diputado nacional, los candidatos a intendentes, diputados provinciales y nacionales; como as\u00ed tambi\u00e9n, intendentes de otras localidades y concejales.<\/div>\n","protected":false},"excerpt":{"rendered":"<p>Leandro Zdero y Silvana Schneider, la f\u00f3rmula para la gobernaci\u00f3n de Juntos por el Cambio, mantuvieron una reuni\u00f3n con Pastores y L\u00edderes espirituales del Chaco, en la ciudad de Presidencia Roque S\u00e1enz Pe\u00f1a. \u201cLa construcci\u00f3n del nuevo Chaco, lo haremos entre todos; esta convocatoria es para asumir compromisos y que dejemos de ser meros espectadores. [&hellip;]<\/p>\n","protected":false},"author":1,"featured_media":24850,"comment_status":"closed","ping_status":"closed","sticky":false,"template":"","format":"standard","meta":{"footnotes":""},"categories":[6],"tags":[],"class_list":{"0":"post-24849","1":"post","2":"type-post","3":"status-publish","4":"format-standard","5":"has-post-thumbnail","7":"category-chaco"},"_links":{"self":[{"href":"https:\/\/chacosintesis.com.ar\/index.php\/wp-json\/wp\/v2\/posts\/24849","targetHints":{"allow":["GET"]}}],"collection":[{"href":"https:\/\/chacosintesis.com.ar\/index.php\/wp-json\/wp\/v2\/posts"}],"about":[{"href":"https:\/\/chacosintesis.com.ar\/index.php\/wp-json\/wp\/v2\/types\/post"}],"author":[{"embeddable":true,"href":"https:\/\/chacosintesis.com.ar\/index.php\/wp-json\/wp\/v2\/users\/1"}],"replies":[{"embeddable":true,"href":"https:\/\/chacosintesis.com.ar\/index.php\/wp-json\/wp\/v2\/comments?post=24849"}],"version-history":[{"count":0,"href":"https:\/\/chacosintesis.com.ar\/index.php\/wp-json\/wp\/v2\/posts\/24849\/revisions"}],"wp:featuredmedia":[{"embeddable":true,"href":"https:\/\/chacosintesis.com.ar\/index.php\/wp-json\/wp\/v2\/media\/24850"}],"wp:attachment":[{"href":"https:\/\/chacosintesis.com.ar\/index.php\/wp-json\/wp\/v2\/media?parent=24849"}],"wp:term":[{"taxonomy":"category","embeddable":true,"href":"https:\/\/chacosintesis.com.ar\/index.php\/wp-json\/wp\/v2\/categories?post=24849"},{"taxonomy":"post_tag","embeddable":true,"href":"https:\/\/chacosintesis.com.ar\/index.php\/wp-json\/wp\/v2\/tags?post=24849"}],"curies":[{"name":"wp","href":"https:\/\/api.w.org\/{rel}","templated":true}]}}